{"id":8699,"date":"2019-11-21T19:59:57","date_gmt":"2019-11-21T18:59:57","guid":{"rendered":"https:\/\/eisbaerlin.de\/blog\/?p=8699"},"modified":"2019-11-21T19:59:57","modified_gmt":"2019-11-21T18:59:57","slug":"ausgerechnet-beim-erzrivalen-in-mannheim-eisbaeren-muessen-auf-torjaeger-leo-pfoederl-verzichten","status":"publish","type":"post","link":"https:\/\/eisbaerlin.de\/blog\/2019\/11\/21\/ausgerechnet-beim-erzrivalen-in-mannheim-eisbaeren-muessen-auf-torjaeger-leo-pfoederl-verzichten\/","title":{"rendered":"Ausgerechnet beim Erzrivalen in Mannheim: Eisb\u00e4ren m\u00fcssen auf Torj\u00e4ger Leo Pf\u00f6derl verzichten"},"content":{"rendered":"<p><img loading=\"lazy\" decoding=\"async\" class=\"alignleft size-full wp-image-9\" src=\"https:\/\/eisbaerlin.de\/blog\/wp-content\/uploads\/2012\/09\/125px-Adler-Mannheim-logo_svg.png\" alt=\"\" width=\"125\" height=\"122\" \/><img loading=\"lazy\" decoding=\"async\" class=\"alignleft size-full wp-image-12\" src=\"https:\/\/eisbaerlin.de\/blog\/wp-content\/uploads\/2012\/09\/125px-Logo_ERC_Ingolstadt_svg.png\" alt=\"\" width=\"100\" height=\"114\" \/><span style=\"color: #000000;\">Die Eisb\u00e4ren Berlin sind perfekt aus der L\u00e4nderspielpause gekommen. Zwei Spiele, zwei Siege. Dem 3:2-Sieg an der K\u00fcste in Bremerhaven lie\u00dfen die Jungs von Chefcoach Serge Aubin ein 4:0-Heimsieg gegen Iserlohn folgen. Gro\u00dfen Anteil an den letzten Erfolgen hatte Torj\u00e4ger Leo Pf\u00f6derl, der sechsmal in den letzten f\u00fcnf Spielen traf. Doch ausgerechnet morgen Abend vor dem Duell beim Erzrivalen und Tabellendritten Adler Mannheim (Bully: 19:30 Uhr) m\u00fcssen die Hauptst\u00e4dter auf die Dienste der Nummer 93 verzichten. Pf\u00f6derl fehlt am Wochenende aufgrund einer Oberk\u00f6rperverletzung. Bitter f\u00fcr die Eisb\u00e4ren und bitter f\u00fcr Pf\u00f6derl selbst, kam er doch zuletzt endlich richtig in Fahrt.<\/span><\/p>\n<p><span style=\"color: #000000;\">Doch nun m\u00fcssen die Eisb\u00e4ren es eben ohne Pf\u00f6derl probieren, das 1:4 aus dem ersten Duell in Mannheim vergessen zu machen. Beide Mannschaften von damals sind nicht mehr miteinander zu vergleichen. Die Adler waren damals gut in Fahrt, w\u00e4hrend die Berliner keinen guten Saisonstart hinlegten. Inzwischen sind es aber die Eisb\u00e4ren, die gut in Fahrt sind und die Adler, die eine \u00fcberraschend schwache Saison spielen &#8211; im Vergleich zur letztj\u00e4hrigen. Der 3:0-Sieg gegen Bremerhaven am Sonntag war der erste nach zuvor vier Niederlagen in Folge. In der Tabelle liegen die Kurpf\u00e4lzer nur noch einen Punkt vor den F\u00fcnftplatzierten Eisb\u00e4ren, die zudem noch eine Partie weniger absolviert haben als die Mannschaft von Trainer Pavel Gross. Morgen Abend k\u00f6nnten die Berliner also mit einem Sieg in der SAP-Arena an den Adlern in der Tabelle vorbeiziehen.<\/span><\/p>\n<p><span style=\"color: #000000;\">Und verstecken m\u00fcssen sich die Eisb\u00e4ren vor Mannheim keinesfalls, waren doch die letzten Auftritte durchaus \u00fcberzeugend und sorgten daf\u00fcr, dass sich die Eisb\u00e4ren im oberen Tabellendrittel und in den direkten Playoff-R\u00e4ngen festsetzen konnten. Spielerisch haben unsere Jungs definitiv Fortschritte gemacht, aber es gibt nach wie vor kleinere Baustellen. Aber auch noch eine gro\u00dfe, das Powerplay n\u00e4mlich. Da schafft man es nach wie vor noch nicht, so richtig f\u00fcr Gefahr zu sorgen. Wenn gleich es am Sonntag gegen Iserlohn schon etwas besser aussah und man auch ein Tor erzielen konnte, aber da ist noch sehr viel Luft nach oben.<\/span><\/p>\n<p><span style=\"color: #000000;\">Eisb\u00e4ren-Coach Serge Aubin ist hei\u00df auf das morgige Spiel und sieht es genauso, dass die Eisb\u00e4ren ein komplett anderes Team als beim ersten Duell in Mannheim sind (<em>Quelle: Medieninformation der Eisb\u00e4ren Berlin vom 21.11.2019<\/em>):<\/span><\/p>\n<blockquote><p><strong><em><span style=\"color: #ff0000;\">Wenn wir aufs Eis gehen, wollen wir drei Punkte, egal, wer der Gegner ist. Wir sind ein komplett anderes Team als beim letzten Spiel dort. Es wird ein enges, ein hartes Spiel, ein Kampf um jeden <\/span><\/em><\/strong><strong><em><span style=\"color: #ff0000;\">Zentimeter Eis.<\/span><\/em><\/strong><\/p><\/blockquote>\n<p><span style=\"color: #000000;\">In dieses harte Spiel werden die Berliner mit einer \u00c4nderung im Kader gehen. Leo Pf\u00f6derl f\u00e4llt wie bereits erw\u00e4hnt verletzungsbedingt aus, f\u00fcr ihn wurde Sebastian Streu vom Kooperationspartner Lausitzer F\u00fcchse zur\u00fcck in die Hauptstadt beordert und wird morgen Leo Pf\u00f6derl im Kader ersetzen. Ansonsten fehlen weiterhin Marvin C\u00fcpper, Vincent Hessler, Florian Busch und Sean Backman.<\/span><\/p>\n<p><span style=\"color: #000000;\">In Mannheim tun sich die Eisb\u00e4ren sehr oft schwer und haben deshalb keine gute Bilanz im Ufo. Daher haben die Eisb\u00e4ren in den letzten f\u00fcnf Jahren (!) auch nur zweimal nach regul\u00e4rer Spielzeit in Mannheim gewonnen. An dieser Statistik sollte man unbedingt arbeiten und sie aufbessern. Die Chancen dazu stehen aktuell sehr gut, befinden sich die Adler ja derzeit im Sturzflug und die Eisb\u00e4ren im Aufwind.<\/span><\/p>\n<p><em><strong><span style=\"color: #0000ff;\">Der Eisb\u00e4ren-Kader f\u00fcr das Ausw\u00e4rtsspiel bei den Adler Mannheim am 22.11.2019:<\/span><\/strong><\/em><\/p>\n<p><em><strong><span style=\"color: #0000ff;\">Tor:<\/span><\/strong><\/em><\/p>\n<p><em><span style=\"color: #008000;\">Sebastian Dahm, Maximilian Franzreb<\/span><\/em><\/p>\n<p><em><strong><span style=\"color: #0000ff;\">Abwehr:<\/span><\/strong><\/em><\/p>\n<p><em><span style=\"color: #008000;\">Kai Wissmann, Frank H\u00f6rdler, Jonas M\u00fcller, John Ramage, Ryan McKiernan, Florian Kettemer, Constantin Braun<\/span><\/em><\/p>\n<p><em><strong><span style=\"color: #0000ff;\">Angriff:<\/span><\/strong><\/em><\/p>\n<p><em><span style=\"color: #008000;\">Austin Ortega, Pierre-C\u00e9dric Labrie, Andr\u00e9 Rankel, Landon Ferraro, Maxim Lapierre, Louis-Marc Aubry, Lukas Reichel, Sebastian Streu, Fabian Dietz, James Sheppard, Mark Olver, Marcel Noebels<\/span><\/em><\/p>\n<p><em><strong><span style=\"color: #0000ff;\">F\u00fcrs DNL-Team im Einsatz:<\/span><\/strong><\/em><\/p>\n<p><em><span style=\"color: #ff0000;\">Eric Steffen<\/span><\/em><\/p>\n<p><em><strong><span style=\"color: #0000ff;\">F\u00fcr Wei\u00dfwasser im Einsatz:<\/span><\/strong><\/em><\/p>\n<p><em><span style=\"color: #ff0000;\">Eric Mik, Thomas Reichel<\/span><\/em><\/p>\n<p><em><strong><span style=\"color: #0000ff;\">Nicht zur Verf\u00fcgung:<\/span><\/strong><\/em><\/p>\n<p><em><span style=\"color: #ff0000;\">Leo Pf\u00f6derl (Oberk\u00f6rper), Marvin C\u00fcpper (Sprunggelenk), Vincent Hessler (Hand), Sean Backman, Florian Busch<\/span><\/em><\/p>\n","protected":false},"excerpt":{"rendered":"<p>Die Eisb\u00e4ren Berlin sind perfekt aus der L\u00e4nderspielpause gekommen. Zwei Spiele, zwei Siege. Dem 3:2-Sieg an der K\u00fcste in Bremerhaven lie\u00dfen die Jungs von Chefcoach Serge Aubin ein 4:0-Heimsieg gegen Iserlohn folgen. Gro\u00dfen Anteil an den letzten Erfolgen hatte Torj\u00e4ger Leo Pf\u00f6derl, der sechsmal in den letzten f\u00fcnf Spielen traf&#8230;. <a class=\"continue-reading-link\" href=\"https:\/\/eisbaerlin.de\/blog\/2019\/11\/21\/ausgerechnet-beim-erzrivalen-in-mannheim-eisbaeren-muessen-auf-torjaeger-leo-pfoederl-verzichten\/\">Continue reading<\/a><\/p>\n","protected":false},"author":2,"featured_media":0,"comment_status":"closed","ping_status":"open","sticky":false,"template":"","format":"standard","meta":{"footnotes":""},"categories":[166,4,8,352,137,12,386,7],"tags":[],"class_list":["post-8699","post","type-post","status-publish","format-standard","hentry","category-aktuelles-aus-der-liga","category-del","category-ebb","category-eisbaeren-berlin","category-eisbaren-news","category-man","category-saison-2019-2020","category-spieltagsvorschau"],"_links":{"self":[{"href":"https:\/\/eisbaerlin.de\/blog\/wp-json\/wp\/v2\/posts\/8699","targetHints":{"allow":["GET"]}}],"collection":[{"href":"https:\/\/eisbaerlin.de\/blog\/wp-json\/wp\/v2\/posts"}],"about":[{"href":"https:\/\/eisbaerlin.de\/blog\/wp-json\/wp\/v2\/types\/post"}],"author":[{"embeddable":true,"href":"https:\/\/eisbaerlin.de\/blog\/wp-json\/wp\/v2\/users\/2"}],"replies":[{"embeddable":true,"href":"https:\/\/eisbaerlin.de\/blog\/wp-json\/wp\/v2\/comments?post=8699"}],"version-history":[{"count":1,"href":"https:\/\/eisbaerlin.de\/blog\/wp-json\/wp\/v2\/posts\/8699\/revisions"}],"predecessor-version":[{"id":8700,"href":"https:\/\/eisbaerlin.de\/blog\/wp-json\/wp\/v2\/posts\/8699\/revisions\/8700"}],"wp:attachment":[{"href":"https:\/\/eisbaerlin.de\/blog\/wp-json\/wp\/v2\/media?parent=8699"}],"wp:term":[{"taxonomy":"category","embeddable":true,"href":"https:\/\/eisbaerlin.de\/blog\/wp-json\/wp\/v2\/categories?post=8699"},{"taxonomy":"post_tag","embeddable":true,"href":"https:\/\/eisbaerlin.de\/blog\/wp-json\/wp\/v2\/tags?post=8699"}],"curies":[{"name":"wp","href":"https:\/\/api.w.org\/{rel}","templated":true}]}}