{"id":7696,"date":"2018-02-27T20:05:37","date_gmt":"2018-02-27T19:05:37","guid":{"rendered":"https:\/\/eisbaerlin.de\/blog\/?p=7696"},"modified":"2018-02-27T20:05:37","modified_gmt":"2018-02-27T19:05:37","slug":"nach-der-historischen-olympia-pause-die-eisbaeren-starten-in-den-hauptrunden-endspurt","status":"publish","type":"post","link":"https:\/\/eisbaerlin.de\/blog\/2018\/02\/27\/nach-der-historischen-olympia-pause-die-eisbaeren-starten-in-den-hauptrunden-endspurt\/","title":{"rendered":"Nach der historischen Olympia-Pause: Die Eisb\u00e4ren starten in den Hauptrunden-Endspurt"},"content":{"rendered":"<p><img loading=\"lazy\" decoding=\"async\" class=\"alignleft size-full wp-image-12\" src=\"https:\/\/eisbaerlin.de\/blog\/wp-content\/uploads\/2012\/09\/125px-Logo_ERC_Ingolstadt_svg.png\" alt=\"\" width=\"100\" height=\"114\" \/><span style=\"color: #000000;\">Der Monat Februar war f\u00fcr die deutschen Eishockey-Fans schon sehr ungew\u00f6hnlich. Normalerweise stehen in dieser Zeit die entscheidenden Spiele im Kampf um die letzten Playoff-Tickets an, doch in diesem Jahr war alles anders. Am 02. Februar absolvierte die DEL ihren letzten Spieltag vor der Olympia-Pause. Dass diese jedoch historisch werden w\u00fcrde, ahnte zu diesem Zeitpunkt niemand. Denn die DEB-Auswahl schaffte es v\u00f6llig \u00fcberraschend bis ins Olympia-Finale, f\u00fchrte dort bis 55 Sekunden vor dem Ende gegen den haushohen Favoriten Russland mit 3:2 durch ein Tor von Eisb\u00e4ren-Verteidiger Jonas M\u00fcller. Doch am Ende setzte sich die Sbornaja mit 4:3 n.V. durch und die DEB-Auswahl holte somit am Ende die Silbermedaille. Sensationell, der gr\u00f6\u00dfte Erfolg im deutschen Eishockey. Und somit wurde die Liga-Pause bestm\u00f6glich \u00fcberbr\u00fcckt und die deutsche Eishockey-Nationalmannschaft l\u00f6ste einen wahren Eishockey-Boom im Land aus. Man kann nur hoffen, dass dieser Schwung nun mit in die Zukunft genommen wird.<\/span><\/p>\n<p><span style=\"color: #000000;\">F\u00fcr die Eisb\u00e4ren und deren drei Silberjungs Frank H\u00f6rdler, Jonas M\u00fcller und Marcel Noebels hei\u00dft es nun aber wieder volle Konzentration auf den Liga-Endspurt. Noch drei Spieltage stehen f\u00fcr die Hauptst\u00e4dter an und in diesen geht es noch um Platz Zwei und die damit verbundene direkte Champions-Hockey-League-Qualifikation. Ein Ziel, welches durchaus noch erreicht werden kann. Zwei Punkte trennen die Drittplatzierten Eisb\u00e4ren derzeit vom Zweitplatzierten N\u00fcrnberg. Beide Mannschaften absolvieren dabei noch je zwei Heimspiele sowie ein Ausw\u00e4rtsspiel. Die Franken haben zwar alles selbst in der Hand, aber patzen die Ice Tigers, wollen die Eisb\u00e4ren zur Stelle sein.<\/span><\/p>\n<p><span style=\"color: #000000;\"><img loading=\"lazy\" decoding=\"async\" class=\"alignleft wp-image-21\" src=\"https:\/\/eisbaerlin.de\/blog\/wp-content\/uploads\/2012\/09\/EHC_Red_Bull_Muenchen_JPG_XL-150x150.jpg\" alt=\"\" width=\"120\" height=\"120\" \/>Die erste Chance bietet sich den Eisb\u00e4ren gleich morgen Abend in der Mercedes-Benz Arena, wenn ab 19:30 Uhr der Tabellenf\u00fchrer und Titelverteidiger EHC Red Bull M\u00fcnchen zu Gast sein wird. Ob an dieser Partie auch die Olympia-Helden auf beiden Seiten teilnehmen werden, wird sich wohlm\u00f6glich erst morgen entscheiden. Eigentlich, so war es gestern noch aus beiden Lagern zu h\u00f6ren, sollten beide Mannschaften ohne die Olympia-Helden antreten. Aus Berliner Kreisen ist nun aber wieder zu h\u00f6ren, dass morgen im Laufe des Tages erst die Entscheidung fallen wird und dass diese die drei Eisb\u00e4ren-Olympioniken selbst treffen k\u00f6nnen. Anwesend sein werden H\u00f6rdler, M\u00fcller und Noebels aber auf jeden Fall. Zusammen mit Physio Andr\u00e9 Kreidler und den beiden M\u00fcnchnern Matt McIllvane (Ex-Eisb\u00e4r) und Patrick Dallaire, welche als Co-Trainer bei Olympia dabei waren, werden die Olympia-Helden vor dem Spiel auf dem Eis geehrt.<\/span><\/p>\n<p><span style=\"color: #000000;\">Kommen wir zum Sportlichen. Uns erwartet morgen Abend das Spiel des Tabellenersten gegen den Tabellendritten. Und beide Mannschaften geh\u00f6ren zu den besten Mannschaften dieser Saison, was sicherlich auf ein gutes und spannendes Spiel hoffen l\u00e4sst. Wenn gleich man nat\u00fcrlich auch abwarten muss, ob die Olympia-Helden mit dabei sind oder nicht. Wenn das n\u00e4mlich nicht der Fall sein wird, w\u00fcrden da doch schon einige richtige gute Spieler auf beiden Seiten fehlen. Auf Seiten der M\u00fcnchner dann aber mehr. Aber die Jungs, die morgen auflaufen werden, k\u00f6nnen auch richtig gut Eishockey spielen. Insofern werden wir also so oder so ein tolles Eishockeyspiel zu sehen bekommen.\u00a0<\/span><\/p>\n<p><span style=\"color: #000000;\">Die bisherige Saison-Bilanz spricht f\u00fcr M\u00fcnchen, aber auch f\u00fcr das Heimteam. Denn bisher hat stets das Heimteam gewonnen, weshalb M\u00fcnchen (4:2\/4:1) auch knapp die Nase gegen\u00fcber Berlin (5:4 n.P.) in dieser Saison vorne hat. Gegen M\u00fcnchen taten sich die Eisb\u00e4ren auf eigenem Eis zuletzt jedoch sehr schwer, beendeten mit dem 5:4-Sieg n.P. eine f\u00fcnf Spiele andauernde Niederlagenserie.\u00a0<\/span><\/p>\n<p><span style=\"color: #000000;\">Das Heimspiel gegen M\u00fcnchen steht morgen Abend unter dem Motto &#8222;Retro-Nacht&#8220;, bei der u.a. auch zwei Eisb\u00e4ren-Legenden mit dabei sein werden. Der ehemalige Verteidiger Derek Mayer (&#8222;&#8230;hol die Kelle raus!&#8220;) und die St\u00fcrmer-Legende Denis Pederson. Es ist also morgen Abend alles angerichtet f\u00fcr ein wahres Eishockey-Fest nach der langen aber historischen Olympia-Pause. Fehlt eigentlich nur noch ein Sieg der Eisb\u00e4ren.<\/span><\/p>\n","protected":false},"excerpt":{"rendered":"<p>Der Monat Februar war f\u00fcr die deutschen Eishockey-Fans schon sehr ungew\u00f6hnlich. Normalerweise stehen in dieser Zeit die entscheidenden Spiele im Kampf um die letzten Playoff-Tickets an, doch in diesem Jahr war alles anders. Am 02. Februar absolvierte die DEL ihren letzten Spieltag vor der Olympia-Pause. Dass diese jedoch historisch werden&#8230; <a class=\"continue-reading-link\" href=\"https:\/\/eisbaerlin.de\/blog\/2018\/02\/27\/nach-der-historischen-olympia-pause-die-eisbaeren-starten-in-den-hauptrunden-endspurt\/\">Continue reading<\/a><\/p>\n","protected":false},"author":2,"featured_media":0,"comment_status":"open","ping_status":"open","sticky":false,"template":"","format":"standard","meta":{"footnotes":""},"categories":[166,4,8,352,137,287,34,358,7,5],"tags":[],"class_list":["post-7696","post","type-post","status-publish","format-standard","hentry","category-aktuelles-aus-der-liga","category-del","category-ebb","category-eisbaeren-berlin","category-eisbaren-news","category-mercedes-benz-arena","category-muc","category-saison-20172018","category-spieltagsvorschau","category-wbn"],"_links":{"self":[{"href":"https:\/\/eisbaerlin.de\/blog\/wp-json\/wp\/v2\/posts\/7696","targetHints":{"allow":["GET"]}}],"collection":[{"href":"https:\/\/eisbaerlin.de\/blog\/wp-json\/wp\/v2\/posts"}],"about":[{"href":"https:\/\/eisbaerlin.de\/blog\/wp-json\/wp\/v2\/types\/post"}],"author":[{"embeddable":true,"href":"https:\/\/eisbaerlin.de\/blog\/wp-json\/wp\/v2\/users\/2"}],"replies":[{"embeddable":true,"href":"https:\/\/eisbaerlin.de\/blog\/wp-json\/wp\/v2\/comments?post=7696"}],"version-history":[{"count":1,"href":"https:\/\/eisbaerlin.de\/blog\/wp-json\/wp\/v2\/posts\/7696\/revisions"}],"predecessor-version":[{"id":7697,"href":"https:\/\/eisbaerlin.de\/blog\/wp-json\/wp\/v2\/posts\/7696\/revisions\/7697"}],"wp:attachment":[{"href":"https:\/\/eisbaerlin.de\/blog\/wp-json\/wp\/v2\/media?parent=7696"}],"wp:term":[{"taxonomy":"category","embeddable":true,"href":"https:\/\/eisbaerlin.de\/blog\/wp-json\/wp\/v2\/categories?post=7696"},{"taxonomy":"post_tag","embeddable":true,"href":"https:\/\/eisbaerlin.de\/blog\/wp-json\/wp\/v2\/tags?post=7696"}],"curies":[{"name":"wp","href":"https:\/\/api.w.org\/{rel}","templated":true}]}}