{"id":710,"date":"2012-10-08T21:01:50","date_gmt":"2012-10-08T19:01:50","guid":{"rendered":"http:\/\/eisbaerlin.de\/blog\/?p=710"},"modified":"2012-10-08T21:05:29","modified_gmt":"2012-10-08T19:05:29","slug":"sven-felski-das-karriere-ende-ruckt-immer-naher","status":"publish","type":"post","link":"https:\/\/eisbaerlin.de\/blog\/2012\/10\/08\/sven-felski-das-karriere-ende-ruckt-immer-naher\/","title":{"rendered":"Sven Felski: Das Karriere-Ende r\u00fcckt immer n\u00e4her"},"content":{"rendered":"<p><a href=\"http:\/\/eisbaerlin.de\/blog\/2012\/09\/15\/13-saisonauftakt-geht-in-die-hose\/125px-logo_erc_ingolstadt_svg\/\" rel=\"attachment wp-att-12\"><img loading=\"lazy\" decoding=\"async\" class=\"alignleft  wp-image-12\" title=\"125px-Logo_ERC_Ingolstadt_svg\" src=\"http:\/\/eisbaerlin.de\/blog\/wp-content\/uploads\/2012\/09\/125px-Logo_ERC_Ingolstadt_svg.png\" alt=\"\" width=\"80\" height=\"91\" \/><\/a>Es war der 24. April 2012 gewesen. Die Eisb\u00e4ren Berlin hatten ihr f\u00fcnftes DEL-Finalspiel gegen die Adler Mannheim mit 3:1 gewonnen und somit die sechste DEL-Meisterschaft perfekt gemacht. F\u00fcr Eisb\u00e4ren-Urgestein Sven Felski war es damals der 1000. Einsatz im Trikot der Eisb\u00e4ren gewesen. Gut m\u00f6glich, dass dieses Spiel sein letztes f\u00fcr die Hauptst\u00e4dter war. Felski plagt sich seit dem Sommer mit Knieproblemen herum, die Eishockey spielen f\u00fcr ihn derzeit unm\u00f6glich machen. Wie lange Felski ausfallen w\u00fcrde, war lange unbekannt gewesen. <a title=\"Sven Felski vor Karriere-Ende?\" href=\"http:\/\/www.bz-berlin.de\/sport\/eisbaeren\/schmeisst-eisbaer-felski-diese-woche-hin-article1558638.html\">Doch in dieser Woche soll endlich Klarheit herrschen<\/a>. Denn Sven Felski erwartet in dieser Woche das \u00e4rztliche Gutachten. Sobald er dieses bekommen hat, will er entscheiden, wie es weiter geht.<\/p>\n<p>Wird Felski jemals wieder zur\u00fcck auf das Eis kehren? Ich denke eher nicht. Er ist jetzt schon so lange ausgefallen und m\u00fcsste erst wieder ins Training einsteigen und um einen Stammplatz im Team k\u00e4mpfen. Er selber hat noch &#8222;ein bisschen Hoffnung&#8220;, dass es weiter gehen wird. Doch er sagt selber, dass er nie richtig schmerzfrei ist.<!--more--><\/p>\n<p>Was passiert, wenn man zu fr\u00fch wieder auf das Eis zur\u00fcckkehrt, hat Felski am Beispiel Denis Pederson gesehen. Auch Pederson hatte Knieprobleme gehabt, fiel \u00fcber ein Jahr aus. Er kam zur\u00fcck, doch sein Comeback endete nach nur kurzer Zeit. Die Knieprobleme waren nicht weg gewesen. Mittlerweile hat Denis Pederson seine Karriere beendet.<\/p>\n<p>Ein Szenario, was nun auch das Urgestein der Eisb\u00e4ren Berlin treffen kann. Was bringt es denn, wenn er trotz Schmerzen weiter Eishockey spielt. Damit tut er sich und seiner Gesundheit keinen Gefallen. Sieht Felski auch selbst so, der auch an die Zeit nach dem Eishockey denkt:<\/p>\n<blockquote><p>Es gibt auch eine Zeit nach dem Eishockey. Und ich will in 20 Jahren nicht zum Einkaufen geschoben werden.<\/p><\/blockquote>\n<p>Diese Woche werden wir also endlich wissen, wie es mit Sven Felski weiter gehen wird. So sehr ich mich dar\u00fcber freuen w\u00fcrde, wenn er noch einmal zur\u00fcck auf das Eis kehren w\u00fcrde. So wirklich daran glauben tue ich nicht mehr. Ich denke, Felski wird seine Karriere beenden.<\/p>\n<p>Und ich k\u00f6nnte ihn verstehen. Er hat alles erreicht, was man nur erreichen kann. Er hat 1000 Spiele f\u00fcr &#8222;seine&#8220; Eisb\u00e4ren gemacht. Er hat mit den Berlinern sechs DEL-Meisterschaften gewonnen. Damals wollte er immer wenigstens einmal Deutscher Meister werden. 2005 hatte es dann endlich geklappt. Mittlerweile hat Felski sechs Meisterschaften gewonnen. Mehr geht nicht.<\/p>\n<p>Sollte Sven Felski seine Karriere wirklich beenden m\u00fcssen, kann man nur hoffen, dass die Eisb\u00e4ren ihm einen ordentlichen Abschied geben werden. Den hat er sich auf jeden Fall verdient. Und das seine Nummer &#8222;11&#8220; nie mehr vergeben werden darf, sollte selbstverst\u00e4ndlich sein.<\/p>\n","protected":false},"excerpt":{"rendered":"<p>Es war der 24. April 2012 gewesen. Die Eisb\u00e4ren Berlin hatten ihr f\u00fcnftes DEL-Finalspiel gegen die Adler Mannheim mit 3:1 gewonnen und somit die sechste DEL-Meisterschaft perfekt gemacht. F\u00fcr Eisb\u00e4ren-Urgestein Sven Felski war es damals der 1000. Einsatz im Trikot der Eisb\u00e4ren gewesen. Gut m\u00f6glich, dass dieses Spiel sein letztes&#8230; <a class=\"continue-reading-link\" href=\"https:\/\/eisbaerlin.de\/blog\/2012\/10\/08\/sven-felski-das-karriere-ende-ruckt-immer-naher\/\">Continue reading<\/a><\/p>\n","protected":false},"author":2,"featured_media":0,"comment_status":"open","ping_status":"open","sticky":false,"template":"","format":"standard","meta":{"footnotes":""},"categories":[4,8,6,5],"tags":[306],"class_list":["post-710","post","type-post","status-publish","format-standard","hentry","category-del","category-ebb","category-saison-20122013","category-wbn","tag-sven-felski"],"_links":{"self":[{"href":"https:\/\/eisbaerlin.de\/blog\/wp-json\/wp\/v2\/posts\/710","targetHints":{"allow":["GET"]}}],"collection":[{"href":"https:\/\/eisbaerlin.de\/blog\/wp-json\/wp\/v2\/posts"}],"about":[{"href":"https:\/\/eisbaerlin.de\/blog\/wp-json\/wp\/v2\/types\/post"}],"author":[{"embeddable":true,"href":"https:\/\/eisbaerlin.de\/blog\/wp-json\/wp\/v2\/users\/2"}],"replies":[{"embeddable":true,"href":"https:\/\/eisbaerlin.de\/blog\/wp-json\/wp\/v2\/comments?post=710"}],"version-history":[{"count":3,"href":"https:\/\/eisbaerlin.de\/blog\/wp-json\/wp\/v2\/posts\/710\/revisions"}],"predecessor-version":[{"id":713,"href":"https:\/\/eisbaerlin.de\/blog\/wp-json\/wp\/v2\/posts\/710\/revisions\/713"}],"wp:attachment":[{"href":"https:\/\/eisbaerlin.de\/blog\/wp-json\/wp\/v2\/media?parent=710"}],"wp:term":[{"taxonomy":"category","embeddable":true,"href":"https:\/\/eisbaerlin.de\/blog\/wp-json\/wp\/v2\/categories?post=710"},{"taxonomy":"post_tag","embeddable":true,"href":"https:\/\/eisbaerlin.de\/blog\/wp-json\/wp\/v2\/tags?post=710"}],"curies":[{"name":"wp","href":"https:\/\/api.w.org\/{rel}","templated":true}]}}