{"id":6369,"date":"2016-05-18T19:47:19","date_gmt":"2016-05-18T17:47:19","guid":{"rendered":"http:\/\/eisbaerlin.de\/blog\/?p=6369"},"modified":"2016-05-18T19:47:19","modified_gmt":"2016-05-18T17:47:19","slug":"eisbaerlinnews-13-18-05-2016","status":"publish","type":"post","link":"https:\/\/eisbaerlin.de\/blog\/2016\/05\/18\/eisbaerlinnews-13-18-05-2016\/","title":{"rendered":"eisbaerlinNEWS #13 | 18.05.2016"},"content":{"rendered":"<p><img loading=\"lazy\" decoding=\"async\" class=\"alignnone size-full wp-image-6305\" src=\"http:\/\/eisbaerlin.de\/blog\/wp-content\/uploads\/logo_eisbaerlinnews.jpg\" alt=\"logo_eisbaerlinnews\" width=\"600\" height=\"120\" srcset=\"https:\/\/eisbaerlin.de\/blog\/wp-content\/uploads\/logo_eisbaerlinnews.jpg 600w, https:\/\/eisbaerlin.de\/blog\/wp-content\/uploads\/logo_eisbaerlinnews-300x60.jpg 300w\" sizes=\"auto, (max-width: 600px) 100vw, 600px\" \/><\/p>\n<p><strong>Eisb\u00e4ren<\/strong> |\u00a0<a title=\"\" href=\"http:\/\/eisbaerlin.de\/e68d53d4a9dddaa2a2d6ea2d9b181258\" target=\"_blank\">Eisb\u00e4ren Berlin | Eisb\u00e4ren-Hoffest f\u00fcr DK-Verl\u00e4ngerer am 20. Mai 2016<\/a>\u00a0(&#8222;Das Ende des Fr\u00fchbucherrabattzeitraums f\u00fcr Dauerkartenverl\u00e4ngerer wollen wir am kommenden Freitag zwischen 16 und 20 Uhr mit einem kleinen Hoffest zwischen der Gesch\u00e4ftsstelle und der Mercedes-Benz Arena feiern.&#8220;)<\/p>\n<p><strong>Eisb\u00e4ren<\/strong> |\u00a0<a title=\"\" href=\"http:\/\/eisbaerlin.de\/ae9e11ecb2d92bfdc8d5da9eca863ab3\" target=\"_blank\">Eisb\u00e4ren Berlin |\u00a0Frank H\u00f6rdler erfolgreich operiert<\/a>\u00a0(&#8222;Eisb\u00e4ren-Verteidiger Frank H\u00f6rdler musste sich in der vergangenen Woche aufgrund eines komplizierten Sehnenrisses am Handgelenk einer Operation an seinem Unterarm unterziehen. Die OP lief ohne Komplikationen.&#8220;)<\/p>\n<p><strong>Eisb\u00e4ren<\/strong> | [Video|\u00a0<a title=\"\" href=\"http:\/\/eisbaerlin.de\/6252a5e1ec5e285a13d8895036ba67bd\" target=\"_blank\">Eisb\u00e4ren Berlin auf YouTube | Eisb\u00e4ren-Gespr\u00e4ch mit Sven Felski<\/a>\u00a0(Interview mit dem neuen\u00a0hauptamtlicher Vereins-Gesch\u00e4ftsf\u00fchrer Sport der Eisb\u00e4ren Juniors)<\/p>\n<p><strong>Eisb\u00e4ren<\/strong> |\u00a0<a title=\"\" href=\"http:\/\/eisbaerlin.de\/0a91e529ef6e3a5f36fe239d164b024a\" target=\"_blank\">Eisb\u00e4ren Berlin auf Youtube | Eistraining im Mai &#8211; YouTube<\/a>\u00a0(Videos und Interviews\u00a0vom Training im Mai)<\/p>\n<p><strong>Eisb\u00e4ren<\/strong> |\u00a0<a title=\"\" href=\"http:\/\/eisbaerlin.de\/60f5b3d6e86f691b1f2e01e85db8e001\" target=\"_blank\">Eisb\u00e4ren Berlin | Barry Tallackson bleibt ein Eisb\u00e4r<\/a>\u00a0(&#8222;Der Vertrag mit Barry Tallackson l\u00e4uft bis zum Jahr 2018.&#8220;)<\/p>\n<p><strong>DEL<\/strong> |\u00a0<a title=\"\" href=\"http:\/\/eisbaerlin.de\/becc8e7c1d3040b6b4b8e53ba347f046\" target=\"_blank\">Hamburg Freezers | HAMBURG FREEZERS WERDEN KEINE DEL-LIZENZ F\u00dcR DIE SAISON 2016\/17 BEANTRAGEN<\/a>\u00a0(Der Eigent\u00fcmer der Hamburg Freezers die AEG beantragt f\u00fcr die kommende Saison keine DEL-Lizenz. Sollte bis zum 24.05. kein neuer Eigent\u00fcmer gefunden werden, dann verliert Hamburg eine weitere Profi-Sportmannschaft) &#8211; weitere Artikel zum Thema:\u00a0<a title=\"\" href=\"http:\/\/eisbaerlin.de\/28431cc29ff399f31ab7bdd1b02e22e0\" target=\"_blank\">Hockeyweb.de | Schock f\u00fcr die Sportstadt Hamburg: Kommentar zum Ausstieg der AEG bei den Hamburg Freezers<\/a>\u00a0&#8211;\u00a0<a title=\"\" href=\"http:\/\/eisbaerlin.de\/ed071cdc6c0208eab70223a0251d7ddc\" target=\"_blank\">Tagesspiegel | R\u00fcckzug aus der Deutschen Eishockey-Liga: Hamburg Freezers beantragen keine DEL-Lizenz<\/a><\/p>\n<p><strong>DEL<\/strong> | Die \u00dcbertragungen der DEL auf ServusTV wird es im n\u00e4chsten Jahr nicht mehr geben. Die Cable Guys waren neben der sehr hohen \u00dcbertragungsqualit\u00e4t (u.a. Tonkanal mit reiner Stadionatmosph\u00e4re) ein Markenzeichen der \u00dcbertragungen der ServusHockeyNight. Hier findet Ihr die vier Best-Ofs der Cable Guys:\u00a0<a title=\"\" href=\"http:\/\/eisbaerlin.de\/f993b0997339001b8dcb42ff489cc0be\" target=\"_blank\">Teil 1<\/a>,\u00a0<a title=\"\" href=\"http:\/\/eisbaerlin.de\/91d42e9434676f48446b9ce659680dfa\" target=\"_blank\">Teil 2<\/a>,\u00a0<a title=\"\" href=\"http:\/\/eisbaerlin.de\/f1d1dbbf29cbde79b9413c13905bbde3\" target=\"_blank\">Teil 3<\/a>,\u00a0<a title=\"\" href=\"http:\/\/eisbaerlin.de\/65000a5f7eb3252b3ac239ed428e3ab7\" target=\"_blank\">Teil 4<\/a><\/p>\n<p><strong>WM<\/strong> | Morgen steigt das Viertelfinalspiel zwischen Gastgeber Russland und Deutschland um 19:15 Uhr (live auf Sport1) &#8211; Ein Artikel zum Trainer der Mannschaft:\u00a0<a title=\"\" href=\"http:\/\/eisbaerlin.de\/898ee8f1463aa4fd8f21e6eb39cffc7f\" target=\"_blank\">Berliner Morgenpost |\u00a0Coach Marco Sturm weckt deutsches Eishockey auf<\/a><\/p>\n","protected":false},"excerpt":{"rendered":"<p>Eisb\u00e4ren |\u00a0Eisb\u00e4ren Berlin | Eisb\u00e4ren-Hoffest f\u00fcr DK-Verl\u00e4ngerer am 20. Mai 2016\u00a0(&#8222;Das Ende des Fr\u00fchbucherrabattzeitraums f\u00fcr Dauerkartenverl\u00e4ngerer wollen wir am kommenden Freitag zwischen 16 und 20 Uhr mit einem kleinen Hoffest zwischen der Gesch\u00e4ftsstelle und der Mercedes-Benz Arena feiern.&#8220;) Eisb\u00e4ren |\u00a0Eisb\u00e4ren Berlin |\u00a0Frank H\u00f6rdler erfolgreich operiert\u00a0(&#8222;Eisb\u00e4ren-Verteidiger Frank H\u00f6rdler musste sich in&#8230; <a class=\"continue-reading-link\" href=\"https:\/\/eisbaerlin.de\/blog\/2016\/05\/18\/eisbaerlinnews-13-18-05-2016\/\">Continue reading<\/a><\/p>\n","protected":false},"author":41,"featured_media":0,"comment_status":"open","ping_status":"open","sticky":false,"template":"","format":"standard","meta":{"footnotes":""},"categories":[332],"tags":[],"class_list":["post-6369","post","type-post","status-publish","format-standard","hentry","category-eisbaerlinnews"],"_links":{"self":[{"href":"https:\/\/eisbaerlin.de\/blog\/wp-json\/wp\/v2\/posts\/6369","targetHints":{"allow":["GET"]}}],"collection":[{"href":"https:\/\/eisbaerlin.de\/blog\/wp-json\/wp\/v2\/posts"}],"about":[{"href":"https:\/\/eisbaerlin.de\/blog\/wp-json\/wp\/v2\/types\/post"}],"author":[{"embeddable":true,"href":"https:\/\/eisbaerlin.de\/blog\/wp-json\/wp\/v2\/users\/41"}],"replies":[{"embeddable":true,"href":"https:\/\/eisbaerlin.de\/blog\/wp-json\/wp\/v2\/comments?post=6369"}],"version-history":[{"count":1,"href":"https:\/\/eisbaerlin.de\/blog\/wp-json\/wp\/v2\/posts\/6369\/revisions"}],"predecessor-version":[{"id":6370,"href":"https:\/\/eisbaerlin.de\/blog\/wp-json\/wp\/v2\/posts\/6369\/revisions\/6370"}],"wp:attachment":[{"href":"https:\/\/eisbaerlin.de\/blog\/wp-json\/wp\/v2\/media?parent=6369"}],"wp:term":[{"taxonomy":"category","embeddable":true,"href":"https:\/\/eisbaerlin.de\/blog\/wp-json\/wp\/v2\/categories?post=6369"},{"taxonomy":"post_tag","embeddable":true,"href":"https:\/\/eisbaerlin.de\/blog\/wp-json\/wp\/v2\/tags?post=6369"}],"curies":[{"name":"wp","href":"https:\/\/api.w.org\/{rel}","templated":true}]}}