{"id":6037,"date":"2015-12-26T22:13:22","date_gmt":"2015-12-26T21:13:22","guid":{"rendered":"http:\/\/eisbaerlin.de\/blog\/?p=6037"},"modified":"2015-12-26T22:13:22","modified_gmt":"2015-12-26T21:13:22","slug":"tabellenfuehrung-gefestigt-10-arbeitssieg-gegen-wolfsburg","status":"publish","type":"post","link":"https:\/\/eisbaerlin.de\/blog\/2015\/12\/26\/tabellenfuehrung-gefestigt-10-arbeitssieg-gegen-wolfsburg\/","title":{"rendered":"Tabellenf\u00fchrung gefestigt: 1:0-Arbeitssieg gegen Wolfsburg"},"content":{"rendered":"<p style=\"text-align: center;\"><img loading=\"lazy\" decoding=\"async\" class=\"aligncenter size-full wp-image-5202\" src=\"http:\/\/eisbaerlin.de\/blog\/wp-content\/uploads\/logo_WBN_1516.jpg\" alt=\"logo_WBN_1516\" width=\"600\" height=\"120\" srcset=\"https:\/\/eisbaerlin.de\/blog\/wp-content\/uploads\/logo_WBN_1516.jpg 600w, https:\/\/eisbaerlin.de\/blog\/wp-content\/uploads\/logo_WBN_1516-300x60.jpg 300w\" sizes=\"auto, (max-width: 600px) 100vw, 600px\" \/><span style=\"color: #ff0000;\"><em><strong>Ausgabe #17:<\/strong><\/em><\/span><\/p>\n<p style=\"text-align: left;\"><img loading=\"lazy\" decoding=\"async\" class=\"alignleft size-full wp-image-12\" src=\"http:\/\/eisbaerlin.de\/blog\/wp-content\/uploads\/2012\/09\/125px-Logo_ERC_Ingolstadt_svg.png\" alt=\"125px-Logo_ERC_Ingolstadt_svg\" width=\"100\" height=\"114\" \/><img loading=\"lazy\" decoding=\"async\" class=\"alignleft wp-image-5201\" src=\"http:\/\/eisbaerlin.de\/blog\/wp-content\/uploads\/grizzlys-wolfsburg-logo-150x150.png\" alt=\"grizzlys-wolfsburg-logo\" width=\"110\" height=\"110\" srcset=\"https:\/\/eisbaerlin.de\/blog\/wp-content\/uploads\/grizzlys-wolfsburg-logo-150x150.png 150w, https:\/\/eisbaerlin.de\/blog\/wp-content\/uploads\/grizzlys-wolfsburg-logo-144x144.png 144w\" sizes=\"auto, (max-width: 110px) 100vw, 110px\" \/><\/p>\n<p><span style=\"color: #000000;\">Die Eisb\u00e4ren Berlin bleiben in der Erfolgsspur. Die Hauptst\u00e4dter gewannen ihr Heimspiel am 2. Weihnachtsfeiertag gegen die Grizzlys Wolfsburg denkbar knapp mit 1:0 (0:0, 1:0, 0:0) und festigten damit ihre Tabellenf\u00fchrung in der Deutschen Eishockey Liga (DEL). 14.200 Zuschauer (darunter war auch Ex-Eisb\u00e4r Denis Pederson mit Familie) in der ausverkauften Arena am Ostbahnhof sahen jetzt keinen wirklichen Eishockey-Leckerbissen. Ein sehr z\u00e4hes, teilweise zerfahrenes und von der Taktik gepr\u00e4gtes Spiel bekamen die Zuschauer geboten. Von den Sitzen riss dieses Spiel jetzt keinen, aber am Ende z\u00e4hlen im Sport halt nur die drei Punkte, welche die Eisb\u00e4ren mehr auf dem Konto haben. Wie dieser Erfolg zu Stande kam, interessiert am Ende keinen mehr.<\/span><\/p>\n<p><span style=\"color: #000000;\">Eisb\u00e4ren-Checfoach Uwe Krupp musste heute auf Mark Bell (Sprunggelenk), Frank H\u00f6rdler (Handgelenk), Florian Busch (fiebriger Infekt), Sven Ziegler (Knie), Kai Wissmann, Jonas Schlenker, Vladislav Filin und Marvin C\u00fcpper (alle Dresden) verzichten. Im Tor stand wie in den letzten Woch auch heute wieder Petri Vehanen. Auf ihren finnischen Stammgoalie k\u00f6nnen die Berliner halt zur Zeit nicht wirklich verzichten, was sich auch heute wieder zeigen sollte.<\/span><\/p>\n<div id=\"attachment_6038\" style=\"width: 310px\" class=\"wp-caption alignleft\"><img loading=\"lazy\" decoding=\"async\" aria-describedby=\"caption-attachment-6038\" class=\"size-medium wp-image-6038\" src=\"http:\/\/eisbaerlin.de\/blog\/wp-content\/uploads\/IMG-20151226-WA0030-300x169.jpg\" alt=\"Banner-Zeremonie f\u00fcr Denis Pederson. (Foto: eisbaerlin.de\/Andrea)\" width=\"300\" height=\"169\" srcset=\"https:\/\/eisbaerlin.de\/blog\/wp-content\/uploads\/IMG-20151226-WA0030-300x169.jpg 300w, https:\/\/eisbaerlin.de\/blog\/wp-content\/uploads\/IMG-20151226-WA0030-1024x576.jpg 1024w, https:\/\/eisbaerlin.de\/blog\/wp-content\/uploads\/IMG-20151226-WA0030-900x506.jpg 900w, https:\/\/eisbaerlin.de\/blog\/wp-content\/uploads\/IMG-20151226-WA0030.jpg 1600w\" sizes=\"auto, (max-width: 300px) 100vw, 300px\" \/><p id=\"caption-attachment-6038\" class=\"wp-caption-text\"><\/span> <span style=\"color: #000000;\">Banner-Zeremonie f\u00fcr Denis Pederson. (Foto: eisbaerlin.de\/Andrea)<\/span><\/p><\/div>\n<p><span style=\"color: #000000;\">Vor dem Spiel wurde es erst einmal so richtig emotional auf dem Eis. Denn die Eisb\u00e4ren &#8211; in Person von Manager Peter John Lee und dem Sportlichen Leiter Stefan Ustorf &#8211; ehrten Eisb\u00e4ren-Legende Denis Pederson f\u00fcr seine Verdienste in Berlin. Pederson trug von 2003-2012 mit einer kleinen Unterbrechung das Eisb\u00e4ren-Trikot und hatte dabei ma\u00dfgeblichen Anteil am Erfolg der Eisb\u00e4ren. Denis Pederson war mit seiner Familie angereist und war auf dem Eis sichtlich ger\u00fchrt von der ganzen Zeremonie.<\/span><\/p>\n<p><span style=\"color: #000000;\">Danach ging es dann aber los mit der Partie Berlin vs. Wolfsburg. Aber wirklich viel zu sehen bekamen die Zuschauer zun\u00e4chst nicht. Beide taten sich schwer, ins Spiel zu kommen. Beide Defensivreihen lie\u00dfen kaum etwas zu und so gab es zu Beginn kaum Torchancen. Das Spiel pl\u00e4tscherte praktisch so vor sich hin.<\/span><br \/>\n<span style=\"color: #000000;\"> In der achten Spielminute gab es dann aber erstmals Aufregung auf dem Eis. Die G\u00e4ste aus der Autostadt im Angriff und pl\u00f6tzlich lag die Scheibe im Tor von Petri Vehanen. Die Wolfsburger Spieler jubelten bereits \u00fcber den vermeintlichen F\u00fchrungstreffer, aber die beiden Hauptschiedsrichter Roland Aum\u00fcller und Stephan Bauer bem\u00fchten den Videobeweis. Und dort sahen die Beiden ein Torraumabseits und gaben daher den Treffer folgerichtig nicht. Die Aufregung auf Seiten der Niedersachsen hielt sich aber in Grenzen.<\/span><br \/>\n<span style=\"color: #000000;\"> 29 Sekunden nach dem nicht gegebenen Tor gab es den n\u00e4chsten Aufreger im Berliner Drittel. Christoph H\u00f6henleitner checkte Eisb\u00e4ren-Verteidiger Jonas M\u00fcller unsanft in die Bande, der Berliner Youngster blieb daraufhin erstmal auf dem Eis liegen. Die beiden Hauptschiedsrichter entschieden sofort auf Spieldauerdisziplinarstrafe wegen eines Checks von Hinten. F\u00fcr H\u00f6henleitner war die Partie also bereits beendet.<\/span><br \/>\n<span style=\"color: #000000;\"> Die Eisb\u00e4ren nun also mit einem f\u00fcnfmin\u00fctigen Powerplay. Aber in diesem waren sie erschreckend harmlos, fanden kein Mittel gegen das gute Wolfsburger Penaltykilling. Diese \u00fcberstanden die ersten vier Minuten in Unterzahl schadlos und danach war das Powerplay auch schon vorbei, denn Darin Olver durfte wegen eines hohen Stocks auf die Strafbank. Olver kassierte an diesem Nachmittag drei der insgesamt vier Berliner Strafen.<\/span><br \/>\n<span style=\"color: #000000;\"> Wolfsburg hatte dann also noch eine Minute Powerplay und danach noch zwei weitere \u00dcberzahlspiele, aber auch die Mannen von Coach Pavel Gross schafften es nicht, in F\u00fchrung zu gehen. Die beste Chance vergab Fabio Pfohl drei Sekunden vor der ersten Drittelpause, als er nur die Latte traf.\u00a0<\/span><span style=\"color: #000000;\">Somit endete ein am Ende doch sehr zerfahrenes erstes Drittel torlos.<\/span><!--more--><\/p>\n<p><span style=\"color: #000000;\">Das zweite Drittel begann wie das erste, beide Mannschaften kamen nicht wirklich ins Spiel. Der Spielaufbau<\/span><\/p>\n<div id=\"attachment_6039\" style=\"width: 310px\" class=\"wp-caption alignright\"><img loading=\"lazy\" decoding=\"async\" aria-describedby=\"caption-attachment-6039\" class=\"size-medium wp-image-6039\" src=\"http:\/\/eisbaerlin.de\/blog\/wp-content\/uploads\/20151226_175956-300x169.jpg\" alt=\"Kampf um den Puck. (Foto: eisbaerlin.de\/Walker)\" width=\"300\" height=\"169\" srcset=\"https:\/\/eisbaerlin.de\/blog\/wp-content\/uploads\/20151226_175956-300x169.jpg 300w, https:\/\/eisbaerlin.de\/blog\/wp-content\/uploads\/20151226_175956-1024x576.jpg 1024w, https:\/\/eisbaerlin.de\/blog\/wp-content\/uploads\/20151226_175956-900x506.jpg 900w\" sizes=\"auto, (max-width: 300px) 100vw, 300px\" \/><p id=\"caption-attachment-6039\" class=\"wp-caption-text\"><\/span> <span style=\"color: #000000;\">Kampf um den Puck. (Foto: eisbaerlin.de\/Walker)<\/span><\/p><\/div>\n<p><span style=\"color: #000000;\">klappte nicht wie gew\u00fcnscht, beide Defensivreihen standen sicher und lie\u00dfen nicht wirklich viel zu. Aber praktisch wie aus dem Nichts zappelte die Scheibe dann auf einmal im Tor. Ein Treffer, der sich nicht wirklich angedeutet hatte. Die Top-Reihe der Eisb\u00e4ren &#8211; Barry Tallackson, Darin Olver, Marcel Noebels &#8211; war auf dem Eis und sorgte f\u00fcr die Berliner F\u00fchrung. Darin Olver brachte die Scheibe zu Marcel Noebels, der setzte Barry Tallackson in Szene. Dieser fuhr ins Angriffsdrittel und zog trocken ab. Sein Handgelenkschuss schlug hinter Felix Br\u00fcckmann im Wolfsburger Tor ein &#8211; 1:0 (27.).<\/span><br \/>\n<span style=\"color: #000000;\"> Fortan die Eisb\u00e4ren etwas aktiver, sie kamen immer wieder ins Wolfsburger Drittel und konnten sich dort festsetzen. Die Niedersachsen hatten Probleme, sich zu befreien. Aber die Eisb\u00e4ren hatten ihrerseits Probleme, mal zum Abschluss zu kommen. Weil die Schussbahn immer wieder von den G\u00e4sten zugestellt wurde. Sch\u00f6n anzusehen war das Ganze nicht wirklich.<\/span><br \/>\n<span style=\"color: #000000;\"> Gegen Ende des Mitteldrittels wurden die Niedersachsen dann selbst ein wenig aktiver und hatten nun mehr vom Spiel, aber der Ausgleich blieb ihnen verw\u00e4hrt. Und somit ging es beim Stand von 1:0 in die zweite Drittelpause.<\/span><\/p>\n<div id=\"attachment_6040\" style=\"width: 310px\" class=\"wp-caption alignleft\"><img loading=\"lazy\" decoding=\"async\" aria-describedby=\"caption-attachment-6040\" class=\"size-medium wp-image-6040\" src=\"http:\/\/eisbaerlin.de\/blog\/wp-content\/uploads\/20151226_185055-300x169.jpg\" alt=\"Auszeit Wolfsburg kurz vor Spielende. (Foto: eisbaerlin.de\/Walker)\" width=\"300\" height=\"169\" srcset=\"https:\/\/eisbaerlin.de\/blog\/wp-content\/uploads\/20151226_185055-300x169.jpg 300w, https:\/\/eisbaerlin.de\/blog\/wp-content\/uploads\/20151226_185055-1024x576.jpg 1024w, https:\/\/eisbaerlin.de\/blog\/wp-content\/uploads\/20151226_185055-900x506.jpg 900w\" sizes=\"auto, (max-width: 300px) 100vw, 300px\" \/><p id=\"caption-attachment-6040\" class=\"wp-caption-text\"><\/span> <span style=\"color: #000000;\">Auszeit Wolfsburg kurz vor Spielende. (Foto: eisbaerlin.de\/Walker)<\/span><\/p><\/div>\n<p><span style=\"color: #000000;\">Das letzte Drittel begann beinahe mit einem Blitzstart der Eisb\u00e4ren. Die Hausherren gewannen das Bully, T.J. Mulock lief auf Felix Br\u00fcckmann zu, spielte die Scheibe quer r\u00fcber zu Kapit\u00e4n Andr\u00e9 Rankel, welcher aber das Zuspiel verpasste. Da h\u00e4tten man die Nerven beruhigen k\u00f6nnen mit dem m\u00f6glichen 2:0.<\/span><br \/>\n<span style=\"color: #000000;\"> Danach entwickelte sich ein munteres Auf und Ab, beide kamen auch zum Torabschluss, aber wirklich was gef\u00e4hrliches war jetzt nicht mit dabei.<\/span><br \/>\n<span style=\"color: #000000;\"> Knapp sechs Minuten vor dem Ende fing Julian Talbot einen Aufbaupass der Wolfsburger ab und fuhr einen Konter, aber er scheiterte denkbar knapp im Abschluss an Felix Br\u00fcckmann.<\/span><br \/>\n<span style=\"color: #000000;\"> Viereinhalb Minuten vor dem Ende dann die dritte Strafzeit gegen Darin Olver, Wolfsburg also mit der gro\u00dfen Chance zum Ausgleich in \u00dcberzahl. Und die G\u00e4ste machten auch ordentlich Druck, aber an Petri Vehanen im Berliner Tor war einfach kein vorbei kommen.<\/span><br \/>\n<span style=\"color: #000000;\"> 52 Sekunden vor dem Ende nahm G\u00e4ste-Coach Pavel Gross eine Auszeit und zugleich seinen Goalie Felix Br\u00fcckmann vom Eis. Wolfsburg versuchte also noch einmal alles mit nun sechs Feldspielern. Und Sebastian Furchner hatte 31 Sekunden vor der Schlusssirene die letzte Chance der Partie, aber auch da war der finnische Schlussmann zur Stelle und hielt den 1:0-Sieg der Eisb\u00e4ren fest. Diese feierten den knappen Arbeitssieg und Petri Vehanen konnte sich \u00fcber seinen zweiten Shut-out in dieser Saison freuen. Der erste war ihm auch im Dezember gelungen (beim 3:0-Sieg gegen Iserlohn).<\/span><\/p>\n<p><span style=\"color: #000000;\">Viel braucht man zu diesem Spiel eigentlich nicht zu sagen. Es war jetzt kein Eishockey-Highlight gewesen. Beide<\/span><\/p>\n<div id=\"attachment_6041\" style=\"width: 310px\" class=\"wp-caption alignright\"><img loading=\"lazy\" decoding=\"async\" aria-describedby=\"caption-attachment-6041\" class=\"size-medium wp-image-6041\" src=\"http:\/\/eisbaerlin.de\/blog\/wp-content\/uploads\/20151226_185508-300x169.jpg\" alt=\"Petri Vehanen wird von der Fankurve f\u00fcr seinen zweiten Shut-out der Saison gefeiert. (Foto: eisbaerlin.de\/Walker)\" width=\"300\" height=\"169\" srcset=\"https:\/\/eisbaerlin.de\/blog\/wp-content\/uploads\/20151226_185508-300x169.jpg 300w, https:\/\/eisbaerlin.de\/blog\/wp-content\/uploads\/20151226_185508-1024x576.jpg 1024w, https:\/\/eisbaerlin.de\/blog\/wp-content\/uploads\/20151226_185508-900x506.jpg 900w\" sizes=\"auto, (max-width: 300px) 100vw, 300px\" \/><p id=\"caption-attachment-6041\" class=\"wp-caption-text\"><\/span> <span style=\"color: #000000;\">Petri Vehanen wird von der Fankurve f\u00fcr seinen zweiten Shut-out der Saison gefeiert. (Foto: eisbaerlin.de\/Walker)<\/span><\/p><\/div>\n<p><span style=\"color: #000000;\">Mannschaften taten sich enorm schwer im Spielaufbau und hatten gro\u00dfe Probleme beim heraus spielen von Torchancen. Der Eisb\u00e4ren-Treffer fiel praktisch aus dem Nichts. Am Ende fanden die Berliner aber einen Weg, dieses knappe Ergebnis \u00fcber die Zeit zu bringen. So etwas nennt man dann wohl einen Arbeitssieg. Aber auch solche Spiele musst du gewinnen und in den letzten Jahren h\u00e4tte die Mannschaft solche engen Spiele wahrscheinlich noch aus der Hand gegeben. Von daher ein weiteres Zeichen daf\u00fcr, dass die Mannschaft in dieser Saison gefestigt ist und auch knappe Spiele f\u00fcr sich entscheiden kann.\u00a0<\/span><\/p>\n","protected":false},"excerpt":{"rendered":"<p>Ausgabe #17: Die Eisb\u00e4ren Berlin bleiben in der Erfolgsspur. Die Hauptst\u00e4dter gewannen ihr Heimspiel am 2. Weihnachtsfeiertag gegen die Grizzlys Wolfsburg denkbar knapp mit 1:0 (0:0, 1:0, 0:0) und festigten damit ihre Tabellenf\u00fchrung in der Deutschen Eishockey Liga (DEL). 14.200 Zuschauer (darunter war auch Ex-Eisb\u00e4r Denis Pederson mit Familie) in&#8230; <a class=\"continue-reading-link\" href=\"https:\/\/eisbaerlin.de\/blog\/2015\/12\/26\/tabellenfuehrung-gefestigt-10-arbeitssieg-gegen-wolfsburg\/\">Continue reading<\/a><\/p>\n","protected":false},"author":2,"featured_media":0,"comment_status":"open","ping_status":"open","sticky":false,"template":"","format":"standard","meta":{"footnotes":""},"categories":[166,4,8,137,211,287,289,25,22,5,15],"tags":[],"class_list":["post-6037","post","type-post","status-publish","format-standard","hentry","category-aktuelles-aus-der-liga","category-del","category-ebb","category-eisbaren-news","category-impressionen","category-mercedes-benz-arena","category-saison-20152016","category-spieltagsberichte","category-walkersbarennews","category-wbn","category-wof"],"_links":{"self":[{"href":"https:\/\/eisbaerlin.de\/blog\/wp-json\/wp\/v2\/posts\/6037","targetHints":{"allow":["GET"]}}],"collection":[{"href":"https:\/\/eisbaerlin.de\/blog\/wp-json\/wp\/v2\/posts"}],"about":[{"href":"https:\/\/eisbaerlin.de\/blog\/wp-json\/wp\/v2\/types\/post"}],"author":[{"embeddable":true,"href":"https:\/\/eisbaerlin.de\/blog\/wp-json\/wp\/v2\/users\/2"}],"replies":[{"embeddable":true,"href":"https:\/\/eisbaerlin.de\/blog\/wp-json\/wp\/v2\/comments?post=6037"}],"version-history":[{"count":1,"href":"https:\/\/eisbaerlin.de\/blog\/wp-json\/wp\/v2\/posts\/6037\/revisions"}],"predecessor-version":[{"id":6042,"href":"https:\/\/eisbaerlin.de\/blog\/wp-json\/wp\/v2\/posts\/6037\/revisions\/6042"}],"wp:attachment":[{"href":"https:\/\/eisbaerlin.de\/blog\/wp-json\/wp\/v2\/media?parent=6037"}],"wp:term":[{"taxonomy":"category","embeddable":true,"href":"https:\/\/eisbaerlin.de\/blog\/wp-json\/wp\/v2\/categories?post=6037"},{"taxonomy":"post_tag","embeddable":true,"href":"https:\/\/eisbaerlin.de\/blog\/wp-json\/wp\/v2\/tags?post=6037"}],"curies":[{"name":"wp","href":"https:\/\/api.w.org\/{rel}","templated":true}]}}