{"id":5642,"date":"2015-10-15T11:49:41","date_gmt":"2015-10-15T09:49:41","guid":{"rendered":"http:\/\/eisbaerlin.de\/blog\/?p=5642"},"modified":"2015-10-15T12:15:54","modified_gmt":"2015-10-15T10:15:54","slug":"mein-schoenstes-eisbaerenberlin-erlebnis-7","status":"publish","type":"post","link":"https:\/\/eisbaerlin.de\/blog\/2015\/10\/15\/mein-schoenstes-eisbaerenberlin-erlebnis-7\/","title":{"rendered":"Mein sch\u00f6nstes Eisb\u00e4renBerlin-Erlebnis #7"},"content":{"rendered":"<p>Hier ist die Geschichte von <b><i>eisbaerlin_fo<\/i><\/b>:<\/p>\n<blockquote><p>\nNachdem <a href=\"http:\/\/eisbaerlin.de\/blog\/2015\/10\/15\/mein-schoenstes-eisbaerenberlin-erlebnis-5\/\" target=\"_blank\" title=\"Zur Geschichte von Walker\">Walker seine Geschichte<\/a> erz\u00e4hlt hat, m\u00f6chte ich Euch heute meine Eisb\u00e4ren-Geschichte erz\u00e4hlen.<\/p>\n<p>Wann ich genau das erste Mal bei den Eisb\u00e4ren im <a href=\"http:\/\/welli.eisbaerlin.de\" target=\"_blank\">Welli<\/a> wei\u00df ich leider nicht mehr, es war wohl Anfang der 2000er Jahre. Ich bin \u00fcber den Bruder von Walker zu den Eisb\u00e4ren gekommen und habe die Spiele auch \u00fcber die ersten \u00dcbertragungen im Eisb\u00e4ren-Live-Radio verfolgt. Dort habe ich auch die knappen Spiele gegen die Frankfurt Lions um die Deutsche Meisterschaft verfolgt. Dann kam der April 2005 und die Eisb\u00e4ren standen im Finale gegen die Adler aus Mannheim. Was da passierte ist legend\u00e4re Eisb\u00e4ren-Geschichte: <center><iframe loading=\"lazy\" width=\"560\" height=\"315\" src=\"https:\/\/www.youtube.com\/embed\/JmOyGLI-CMQ\" frameborder=\"0\" allowfullscreen><\/iframe><\/center><\/p>\n<p>Nach dem Gewinn weiterer Meisterschaften zogen die Eisb\u00e4ren in die Arena am Ostbahnhof:<br \/>\n<center><iframe loading=\"lazy\" width=\"420\" height=\"315\" src=\"https:\/\/www.youtube.com\/embed\/MvtXJl8aQX8\" frameborder=\"0\" allowfullscreen><\/iframe><\/center><br \/>\nAuch dort bestimmten die Eisb\u00e4ren Berlin die DEL. Auch wenn die letzten Jahre eher durchwachsen waren, werden die Eisb\u00e4ren bald wieder vorne mitspielen, da bin ich mir sicher.<\/p>\n<p>Da Walker von unserem Fanclub sprach: Diesen gr\u00fcndeten wir zu viert nach dem ersten Gewinn der Meisterschaft. In diesem Jahr werden wir unser 10j\u00e4hriges Fanclub-Jubil\u00e4um feiern und uns an die alten Zeiten erinnern. <\/p>\n<p>Denn seit 2005 hat sich viel getan: Wir haben eine <a href=\"http:\/\/eisbaerlin.de\" target=\"_blank\">Webseite<\/a>, einen <a href=\"http:\/\/eisbaerlin.de\/9b4bda49ff3426bba15ac8d9255eb70c\" target=\"_blank\">Blog<\/a>, sind in den sozialen Medien auf <a href=\"http:\/\/eisbaerlin.de\/c6b5b5dc69eeb21423e94e3a9923ab7b\" target=\"_blank\">Facebook<\/a> und <a href=\"http:\/\/eisbaerlin.de\/9b4bda49ff3426bba15ac8d9255eb70c\" target=\"_blank\">Twitter<\/a> vertreten und seit kurzem auch via <a href=\"http:\/\/eisbaerlin.de\/eisbaerlin_whatsapp\" target=\"_blank\" title=\"Zum eisbaerlin.de-WhatsApp-Angebot\">WhatsApp<\/a> mit Euch im Kontakt. <\/p>\n<p>Wir freuen uns, dass Ihr unsere Angebote so zahlreich nutzt und danken Euch sehr f\u00fcr Euer Feedback, Eure Anregungen und Kritik, welche uns hilft besser zu werden. <\/p>\n<p>Die letzten zehn Jahre habe ich mich eher im Hintergrund gehalten, vielleicht schreibe ich in der Zukunft auch mal wieder die ein oder anderen Zeilen im Blog.<\/p>\n<p><b>Forca EHC! Einmal Eisb\u00e4r, immer Eisb\u00e4r<\/b><\/p>\n<p>Dynamische Gr\u00fc\u00dfe<br \/>\n<a href=\"https:\/\/twitter.com\/eisbaerlin_fo\" target=\"_blank\" title=\"Zum Twitter-Account von @eisbaerlin_fo\">eisbaerlin_fo<\/a><\/p>\n<\/blockquote>\n<p><\/p>\n<hr \/>\n<p><i>eisbaerlin.de-Servicehinweis:<\/i><br \/>\nIhr m\u00f6chtet keine News zu den Eisb\u00e4ren mehr verpassen, dann schickt uns auch Eure Geschichte und wir nehmen Euch kostenlos in unseren <a href=\"http:\/\/whatsapp.eisbaerlin.de\">eisbaerlin.de-WhatsApp-Service<\/a> auf.<\/p>\n","protected":false},"excerpt":{"rendered":"<p>Hier ist die Geschichte von eisbaerlin_fo: Nachdem Walker seine Geschichte erz\u00e4hlt hat, m\u00f6chte ich Euch heute meine Eisb\u00e4ren-Geschichte erz\u00e4hlen. Wann ich genau das erste Mal bei den Eisb\u00e4ren im Welli wei\u00df ich leider nicht mehr, es war wohl Anfang der 2000er Jahre. Ich bin \u00fcber den Bruder von Walker zu&#8230; <a class=\"continue-reading-link\" href=\"https:\/\/eisbaerlin.de\/blog\/2015\/10\/15\/mein-schoenstes-eisbaerenberlin-erlebnis-7\/\">Continue reading<\/a><\/p>\n","protected":false},"author":41,"featured_media":0,"comment_status":"open","ping_status":"open","sticky":false,"template":"","format":"standard","meta":{"footnotes":""},"categories":[1,320],"tags":[],"class_list":["post-5642","post","type-post","status-publish","format-standard","hentry","category-allgemein","category-meinschoensteseisbaerenberlinerlebnis"],"_links":{"self":[{"href":"https:\/\/eisbaerlin.de\/blog\/wp-json\/wp\/v2\/posts\/5642","targetHints":{"allow":["GET"]}}],"collection":[{"href":"https:\/\/eisbaerlin.de\/blog\/wp-json\/wp\/v2\/posts"}],"about":[{"href":"https:\/\/eisbaerlin.de\/blog\/wp-json\/wp\/v2\/types\/post"}],"author":[{"embeddable":true,"href":"https:\/\/eisbaerlin.de\/blog\/wp-json\/wp\/v2\/users\/41"}],"replies":[{"embeddable":true,"href":"https:\/\/eisbaerlin.de\/blog\/wp-json\/wp\/v2\/comments?post=5642"}],"version-history":[{"count":13,"href":"https:\/\/eisbaerlin.de\/blog\/wp-json\/wp\/v2\/posts\/5642\/revisions"}],"predecessor-version":[{"id":5655,"href":"https:\/\/eisbaerlin.de\/blog\/wp-json\/wp\/v2\/posts\/5642\/revisions\/5655"}],"wp:attachment":[{"href":"https:\/\/eisbaerlin.de\/blog\/wp-json\/wp\/v2\/media?parent=5642"}],"wp:term":[{"taxonomy":"category","embeddable":true,"href":"https:\/\/eisbaerlin.de\/blog\/wp-json\/wp\/v2\/categories?post=5642"},{"taxonomy":"post_tag","embeddable":true,"href":"https:\/\/eisbaerlin.de\/blog\/wp-json\/wp\/v2\/tags?post=5642"}],"curies":[{"name":"wp","href":"https:\/\/api.w.org\/{rel}","templated":true}]}}