{"id":5488,"date":"2015-10-03T00:22:25","date_gmt":"2015-10-02T22:22:25","guid":{"rendered":"http:\/\/eisbaerlin.de\/blog\/?p=5488"},"modified":"2015-10-03T00:22:25","modified_gmt":"2015-10-02T22:22:25","slug":"petri-vehanen-alle-haben-ihren-beitrag-zu-diesem-sieg-geleistet","status":"publish","type":"post","link":"https:\/\/eisbaerlin.de\/blog\/2015\/10\/03\/petri-vehanen-alle-haben-ihren-beitrag-zu-diesem-sieg-geleistet\/","title":{"rendered":"Petri Vehanen: &#8222;Alle haben ihren Beitrag zu diesem Sieg geleistet&#8220;"},"content":{"rendered":"<p><span style=\"color: #333399;\"><em><strong>Petri Vehanen (Torh\u00fcter Eisb\u00e4ren Berlin\/Matchwinner mit klasse Paraden gegen den ERC Ingolstadt):<\/strong><\/em><\/span><\/p>\n<blockquote><p><span style=\"color: #ff0000;\"><em>Unsere Abwehrarbeit ist sehr, sehr gut. Das war bisher die ganze Saison so. Es macht meinen Job wesentlich leichter, wenn meine Vorderleute deren Job auch gut machen. Alle haben ihren Beitrag zu diesem Sieg geleistet. Es ist nat\u00fcrlich gut, wenn man gewinnt und es ist auch gut, wenn man oben steht. Es gibt einem Selbstvertrauen und gute Stimmung. Aber wir m\u00fcssen weiterhin hart daran arbeiten, denn wenn wir es nicht mehr tun, werden wir nicht mehr die Nummer Eins in der Tabelle sein.\u00a0<\/em><\/span><\/p><\/blockquote>\n<p><span style=\"color: #333399;\"><em><strong>Spencer Machacek (St\u00fcrmer Eisb\u00e4ren Berlin\/bereitete das 1:0 von Jonas M\u00fcller vor):<\/strong><\/em><\/span><\/p>\n<blockquote><p><span style=\"color: #ff0000;\"><em>Ja, die Stimmung ist gut. Es ist eine lange Zeit her, aber nun sind wir ganz oben. Es war ein sehr hart umk\u00e4mpftes Spiel. Petri Vehanen hat wunderbar gehalten und uns auch im Spiel gehalten. Wir sind froh \u00fcber die drei Punkte. Ja, es gab die ein oder andere Szene, wo wir unsere F\u00fchrung h\u00e4tten ausbauen k\u00f6nnen im ersten Drittel. Aber man hat auch gesehen, wie hart Ingolstadt gearbeitet hat. Man muss auch deren Torh\u00fcter loben, der hat ein gutes Spiel geliefert und seine Mannschaft im Spiel gehalten.\u00a0<\/em><\/span><\/p><\/blockquote>\n<p><span style=\"color: #333399;\"><em><strong>Uwe Krupp (Trainer Eisb\u00e4ren Berlin):<\/strong><\/em><\/span><\/p>\n<blockquote><p><span style=\"color: #ff0000;\"><em>Wir haben einen guten Start erwischt. Die Jungs haben viel Energie gehabt. Wir hatten viele Spielanteile im ersten Drittel. Bis auf so eine Phase im zweiten Drittel haben wir eigentlich konstant unseren Stiefel runter gespielt. Ingolstadt hat nicht viele \u00dcberzahlsituationen im Spiel gehabt. Also 2-gegen-1-Situationen oder 3-gegen-2. Die Jungs haben viele gute Sachen heute gemacht. Am Ende war es eng, auch deswegen, weil Timo Pielmeier im entscheidenden Moment immer noch den Save gemacht hat. Aber insgesamt sind wir zufrieden mit der Leistung.\u00a0<\/em><\/span><\/p><\/blockquote>\n<p><span style=\"color: #333399;\"><em><strong>Many Viveiros (Trainer ERC Ingolstadt):<\/strong><\/em><\/span><\/p>\n<blockquote><p><span style=\"color: #ff0000;\"><em>Die Eisb\u00e4ren haben sehr, sehr gut gespielt heute. Sie waren sehr kompakt und organisiert. Die Defensive und Offensive war sehr, sehr stark. Wir haben nicht schlecht gespielt heute Abend. Wir haben im letzten Drittel gen\u00fcgend Chancen zum Ausgleich. Wir hatten zwar gen\u00fcgend Torchancen, aber dennoch haben wir zu wenig vor Berlins Tor gemacht. Berlin ist eine sehr starke Mannschaft. Wir m\u00fcssen das Positive aus diesem Spiel mitnehmen.\u00a0<\/em><\/span><\/p><\/blockquote>\n","protected":false},"excerpt":{"rendered":"<p>Petri Vehanen (Torh\u00fcter Eisb\u00e4ren Berlin\/Matchwinner mit klasse Paraden gegen den ERC Ingolstadt): Unsere Abwehrarbeit ist sehr, sehr gut. Das war bisher die ganze Saison so. Es macht meinen Job wesentlich leichter, wenn meine Vorderleute deren Job auch gut machen. Alle haben ihren Beitrag zu diesem Sieg geleistet. Es ist nat\u00fcrlich&#8230; <a class=\"continue-reading-link\" href=\"https:\/\/eisbaerlin.de\/blog\/2015\/10\/03\/petri-vehanen-alle-haben-ihren-beitrag-zu-diesem-sieg-geleistet\/\">Continue reading<\/a><\/p>\n","protected":false},"author":2,"featured_media":0,"comment_status":"open","ping_status":"open","sticky":false,"template":"","format":"standard","meta":{"footnotes":""},"categories":[166,4,8,137,13,289,24,56,5],"tags":[],"class_list":["post-5488","post","type-post","status-publish","format-standard","hentry","category-aktuelles-aus-der-liga","category-del","category-ebb","category-eisbaren-news","category-ing","category-saison-20152016","category-stimmen-der-trainer","category-stimmen-zum-spiel","category-wbn"],"_links":{"self":[{"href":"https:\/\/eisbaerlin.de\/blog\/wp-json\/wp\/v2\/posts\/5488","targetHints":{"allow":["GET"]}}],"collection":[{"href":"https:\/\/eisbaerlin.de\/blog\/wp-json\/wp\/v2\/posts"}],"about":[{"href":"https:\/\/eisbaerlin.de\/blog\/wp-json\/wp\/v2\/types\/post"}],"author":[{"embeddable":true,"href":"https:\/\/eisbaerlin.de\/blog\/wp-json\/wp\/v2\/users\/2"}],"replies":[{"embeddable":true,"href":"https:\/\/eisbaerlin.de\/blog\/wp-json\/wp\/v2\/comments?post=5488"}],"version-history":[{"count":1,"href":"https:\/\/eisbaerlin.de\/blog\/wp-json\/wp\/v2\/posts\/5488\/revisions"}],"predecessor-version":[{"id":5489,"href":"https:\/\/eisbaerlin.de\/blog\/wp-json\/wp\/v2\/posts\/5488\/revisions\/5489"}],"wp:attachment":[{"href":"https:\/\/eisbaerlin.de\/blog\/wp-json\/wp\/v2\/media?parent=5488"}],"wp:term":[{"taxonomy":"category","embeddable":true,"href":"https:\/\/eisbaerlin.de\/blog\/wp-json\/wp\/v2\/categories?post=5488"},{"taxonomy":"post_tag","embeddable":true,"href":"https:\/\/eisbaerlin.de\/blog\/wp-json\/wp\/v2\/tags?post=5488"}],"curies":[{"name":"wp","href":"https:\/\/api.w.org\/{rel}","templated":true}]}}