{"id":5252,"date":"2015-09-10T18:19:22","date_gmt":"2015-09-10T16:19:22","guid":{"rendered":"http:\/\/eisbaerlin.de\/blog\/?p=5252"},"modified":"2015-09-10T18:19:22","modified_gmt":"2015-09-10T16:19:22","slug":"saisonstart-gegen-nuernberg-comeback-von-tine-braun-del-debuet-fuer-bruno-gervais-und-shuhei-kuji","status":"publish","type":"post","link":"https:\/\/eisbaerlin.de\/blog\/2015\/09\/10\/saisonstart-gegen-nuernberg-comeback-von-tine-braun-del-debuet-fuer-bruno-gervais-und-shuhei-kuji\/","title":{"rendered":"Saisonstart gegen N\u00fcrnberg: Comeback von &#8222;Tine&#8220; Braun &#8211; DEL-Deb\u00fct f\u00fcr Bruno Gervais und Shuhei Kuji"},"content":{"rendered":"<p><img loading=\"lazy\" decoding=\"async\" class=\"alignleft size-full wp-image-12\" src=\"http:\/\/eisbaerlin.de\/blog\/wp-content\/uploads\/2012\/09\/125px-Logo_ERC_Ingolstadt_svg.png\" alt=\"125px-Logo_ERC_Ingolstadt_svg\" width=\"100\" height=\"114\" \/><img loading=\"lazy\" decoding=\"async\" class=\"alignleft wp-image-13\" src=\"http:\/\/eisbaerlin.de\/blog\/wp-content\/uploads\/2012\/09\/125px-Nuernberg_Ice_Tigers_Logo_svg.png\" alt=\"125px-Nuernberg_Ice_Tigers_Logo_svg\" width=\"108\" height=\"116\" \/><span style=\"color: #000000;\">Das lange Warten hat endlich ein Ende: Morgen Abend startet die neue Saison in der Deutschen Eishockey Liga (DEL). Und f\u00fcr die Eisb\u00e4ren Berlin startet die neue Saison so, wie die alte aufgeh\u00f6rt hat. Mit einem Spiel gegen die Thomas Sabo Ice Tigers. Vor gut sechs Monaten endete die Saison 2014\/2015 f\u00fcr die Berliner mit einer 2:3-Niederlage nach Verl\u00e4ngerung im alles entscheidenden Pre-Play-Off-Spiel bei den Franken. W\u00e4hrend N\u00fcrnberg damals ins Play-Off-Viertelfinale einzog, war die Saison f\u00fcr unsere Jungs beendet. Nun besteht also gleich im ersten Saisonspiel die M\u00f6glichkeit zur Revanche gegen N\u00fcrnberg.<\/span><\/p>\n<p><span style=\"color: #000000;\">Und die Chancen stehen auch gar nicht schlecht daf\u00fcr, schlie\u00dflich ist N\u00fcrnberg doch ein gern gesehener Gast in der Hauptstadt. Die letzten f\u00fcnf Heimspiele wurden allesamt gewonnen, 14 der letzten 16 Duelle in der Hauptstadt gingen an die Eisb\u00e4ren.<\/span><\/p>\n<p><span style=\"color: #000000;\">F\u00fcr das erste Saisonspiel steht Trainer Uwe Krupp nahezu der gesamte Kader zur Verf\u00fcgung. Lediglich Mark Bell (Sprunggelenk) steht nicht im Kader f\u00fcr das Spiel gegen N\u00fcrnberg. Zudem fehlen Vladislav Filin, Jonas Schlenker und Kai Wissmann, die f\u00fcr Kooperationspartner Dresden auflaufen werden.<\/span><br \/>\n<span style=\"color: #000000;\"> Daf\u00fcr wird Verteidiger Constantin Braun sein Comeback feiern und erstmals seit dem 26. Oktober 2014 wieder ein Heimspiel f\u00fcr die Eisb\u00e4ren absolvieren. Ihr DEL-Deb\u00fct werden Bruno Gervais und Shuhei Kuji feiern.<\/span><\/p>\n<p><span style=\"color: #000000;\">Der Sportliche Leiter der Eisb\u00e4ren, Stefan Ustorf, vor dem Saisonauftakt gegen N\u00fcrnberg (<em>Quelle: Medieninformation der Eisb\u00e4ren Berlin vom 10.09.2015<\/em>):<\/span><\/p>\n<blockquote><p><span style=\"color: #ff0000;\"><em><strong>Ich gehe mit einem guten Gef\u00fchl in dieses erste Spiel. Die Mannschaft hat in der Vorbereitung hart\u00a0gearbeitet und auch in dieser Woche gut trainiert. Man kann\u00a0vor diesem Spiel eine gewisse positive Nervosit\u00e4t innerhalb der Mannschaft sp\u00fcren.<\/strong><\/em><\/span><\/p><\/blockquote>\n<p><span style=\"color: #000000;\">Die Eisb\u00e4ren haben einiges gut zu machen, Zwei Jahre in Folge scheiterte man bereits in den Pre-Play-Offs. Ein drittes Mal soll das nicht passieren. Doch ob der Kader daf\u00fcr wirklich stark genug ist, bleibt abzuwarten. Chefcoach Uwe Krupp hat nicht ohne Grund noch mehr neue Spieler gefordert. Doch Ustorf erf\u00fcllte dem Trainer diese Bitte nicht. Zwar hat man sich mit Kevin Nastiuk, Bruno Gervais, Micki DuPont und Spencer Machacek nicht unbedingt schlecht verst\u00e4rkt, aber dennoch scheint die Tiefe im Kader nicht gro\u00df genug zu sein. Und die letzte Verpflichtung Shuhei Kuji mag zwar besonders bei den Fans beliebt sein, sportlich wird er der Mannschaft aber nicht viel weiterhelfen k\u00f6nnen.\u00a0<\/span><\/p>\n<p><span style=\"color: #000000;\">Der morgige Gegner N\u00fcrnberg hat sich im Sommer sehr gut verst\u00e4rkt und wird sicherlich ein W\u00f6rtchen im Kampf um die ersten sechs Pl\u00e4tze mitreden. Die Franken sollte man keinesfalls untersch\u00e4tzen, denn sie verf\u00fcgen \u00fcber eine sehr starke Mannschaft. Allerdings m\u00fcssen die Franken auch einen herben Ausfall verkraften. Stammgoalie Jochen Reimer hat sich einer H\u00fcft-OP unterzogen und wird ein halbes Jahr ausfallen.<\/span><\/p>\n<p><span style=\"color: #000000;\">Das erste DEL-Spiel in der Mercedes-Benz Arena geht morgen Abend um 19:30 Uhr los. Hauptschiedsrichter sind die Herren Schukies und Daniels.<\/span><\/p>\n<p><span style=\"color: #000080;\"><em><strong>Der Eisb\u00e4ren-Kader f\u00fcr das erste DEL-Saisonspiel gegen die Thomas Sabo Ice Tigers:<\/strong><\/em><\/span><\/p>\n<p><span style=\"color: #000080;\"><em><strong>Tor: <\/strong><\/em><\/span><\/p>\n<p><span style=\"color: #ff0000;\"><em>Petri Vehanen, Kevin Nastiuk<\/em><\/span><\/p>\n<p><span style=\"color: #000080;\"><em><strong>Abwehr: <\/strong><\/em><\/span><\/p>\n<p><span style=\"color: #ff0000;\"><em>Bruno Gervais, Henry Haase, Frank H\u00f6rdler, Jonas M\u00fcller, Micki DuPont, Jens Baxmann,\u00a0Constantin Braun<\/em><\/span><\/p>\n<p><span style=\"color: #000080;\"><em><strong>Angriff:<\/strong><\/em><\/span><\/p>\n<p><span style=\"color: #ff0000;\"><em>Spencer Machacek, Laurin Braun, TJ Mulock, Shuhei Kuji, Barry Tallackson, Andr\u00e9 Rankel,\u00a0Florian Busch, Petr Pohl, Darin Olver, Julian Talbot, Sven Ziegler, Marcel Noebels<\/em><\/span><\/p>\n<p><span style=\"color: #008000;\"><em><strong>Verletzt: <\/strong><\/em><\/span><\/p>\n<p><strong><em><span style=\"color: #000000;\">Mark Bell (Sprunggelenk)<\/span><\/em><\/strong><\/p>\n<p><span style=\"color: #008000;\"><em><strong>Einsatz in Dresden: <\/strong><\/em><\/span><\/p>\n<p><em><strong><span style=\"color: #000000;\">Vladislav Filin, Jonas Schlenker, Kai Wissmann<\/span><\/strong><\/em><\/p>\n","protected":false},"excerpt":{"rendered":"<p>Das lange Warten hat endlich ein Ende: Morgen Abend startet die neue Saison in der Deutschen Eishockey Liga (DEL). Und f\u00fcr die Eisb\u00e4ren Berlin startet die neue Saison so, wie die alte aufgeh\u00f6rt hat. Mit einem Spiel gegen die Thomas Sabo Ice Tigers. Vor gut sechs Monaten endete die Saison&#8230; <a class=\"continue-reading-link\" href=\"https:\/\/eisbaerlin.de\/blog\/2015\/09\/10\/saisonstart-gegen-nuernberg-comeback-von-tine-braun-del-debuet-fuer-bruno-gervais-und-shuhei-kuji\/\">Continue reading<\/a><\/p>\n","protected":false},"author":2,"featured_media":0,"comment_status":"open","ping_status":"open","sticky":false,"template":"","format":"standard","meta":{"footnotes":""},"categories":[166,4,8,137,287,289,7,35,5],"tags":[],"class_list":["post-5252","post","type-post","status-publish","format-standard","hentry","category-aktuelles-aus-der-liga","category-del","category-ebb","category-eisbaren-news","category-mercedes-benz-arena","category-saison-20152016","category-spieltagsvorschau","category-tsi","category-wbn"],"_links":{"self":[{"href":"https:\/\/eisbaerlin.de\/blog\/wp-json\/wp\/v2\/posts\/5252","targetHints":{"allow":["GET"]}}],"collection":[{"href":"https:\/\/eisbaerlin.de\/blog\/wp-json\/wp\/v2\/posts"}],"about":[{"href":"https:\/\/eisbaerlin.de\/blog\/wp-json\/wp\/v2\/types\/post"}],"author":[{"embeddable":true,"href":"https:\/\/eisbaerlin.de\/blog\/wp-json\/wp\/v2\/users\/2"}],"replies":[{"embeddable":true,"href":"https:\/\/eisbaerlin.de\/blog\/wp-json\/wp\/v2\/comments?post=5252"}],"version-history":[{"count":1,"href":"https:\/\/eisbaerlin.de\/blog\/wp-json\/wp\/v2\/posts\/5252\/revisions"}],"predecessor-version":[{"id":5253,"href":"https:\/\/eisbaerlin.de\/blog\/wp-json\/wp\/v2\/posts\/5252\/revisions\/5253"}],"wp:attachment":[{"href":"https:\/\/eisbaerlin.de\/blog\/wp-json\/wp\/v2\/media?parent=5252"}],"wp:term":[{"taxonomy":"category","embeddable":true,"href":"https:\/\/eisbaerlin.de\/blog\/wp-json\/wp\/v2\/categories?post=5252"},{"taxonomy":"post_tag","embeddable":true,"href":"https:\/\/eisbaerlin.de\/blog\/wp-json\/wp\/v2\/tags?post=5252"}],"curies":[{"name":"wp","href":"https:\/\/api.w.org\/{rel}","templated":true}]}}