{"id":5122,"date":"2015-04-01T22:06:40","date_gmt":"2015-04-01T20:06:40","guid":{"rendered":"http:\/\/eisbaerlin.de\/blog\/?p=5122"},"modified":"2015-04-01T22:06:40","modified_gmt":"2015-04-01T20:06:40","slug":"die-eisbaeren-spielen-in-der-naechsten-saison-in-der","status":"publish","type":"post","link":"https:\/\/eisbaerlin.de\/blog\/2015\/04\/01\/die-eisbaeren-spielen-in-der-naechsten-saison-in-der\/","title":{"rendered":"Die Eisb\u00e4ren spielen in der n\u00e4chsten Saison in der &#8230;"},"content":{"rendered":"<p>Nachdem <a href=\"http:\/\/eisbaerlin.de\/blog\/2015\/04\/01\/del-die-eisbaeren-spielen-nie-wieder-in-der-o2-world\/\" target=\"_blank\">unser heutiger Betrag<\/a> u.a. <a href=\"https:\/\/www.facebook.com\/eisbaeren\/posts\/10153179937410140\" target=\"_blank\">auf der Eisb\u00e4ren-Facebook-Seite f\u00fcr reichlich Gespr\u00e4chsstoff gesorgt hat<\/a>, m\u00f6chten wir an dieser Stelle sagen: <b>April, April! \ud83d\ude42<\/b><\/p>\n<p>Es stimmt zwar, dass die Eisb\u00e4ren Berlin in der n\u00e4chsten Saison nicht mehr in der <a href=\"http:\/\/www.o2world-berlin.de\" target=\"_blank\">O<sub>2<\/sub>-World Berlin<\/a> spielen, aber nat\u00fcrlich wird die MultiFunktionsHalle am Ostbahnhof auch weiterhin die Heimspielst\u00e4tte der Eisb\u00e4ren sein &#8211; allerdings dann mit einem neuen Namen: <a href=\"http:\/\/www.eisbaeren.de\/news\/detail\/eisbaeren-heimspielstaette-heisst-ab-17-mercedes-benz-arena-berlin\" target=\"_blank\"><b>Mercedes-Benz Arena Berlin<\/b><\/a>.<\/p>\n<p>Es trifft aber nicht zu, dass die Eisb\u00e4ren dar\u00fcber nachdenken, den Welli f\u00fcr einige DEL-Spiele zu nutzen.<\/p>\n<p>Hierzu erhielten wir heute das folgende offizielle Statement der Eisb\u00e4ren:<\/p>\n<blockquote><p>\nDas Spiel der 1. Playoff-Runde war f\u00fcr uns etwas Besonderes. Es hat sehr viel Spa\u00df gemacht. Derzeit ist es nicht geplant, weitere Ligaspiele im Wellblechpalast auszutragen. Es k\u00f6nnte aber durchaus sein, dass wir das eine oder andere Vorbereitungsspiel in Zukunft in Hohensch\u00f6nhausen spielen werden. Unsere Heimspielst\u00e4tte wird ab der kommenden Saison die dann ehemalige o2 World, also die Mercedes-Benz Arena sein. Der Welli bleibt allerdings unsere Trainingsst\u00e4tte.\n<\/p><\/blockquote>\n<p><em>Quelle: Mail von Daniel Goldstein (Eisb\u00e4ren Berlin \u00d6ffentlichkeitsarbeit)<\/em><\/p>\n<p><b>Vielen Dank an die Eisb\u00e4ren Berlin und die O<sub>2<\/sub>-World Berlin, dass sie den Spa\u00df mitgemacht haben!<\/b><\/p>\n","protected":false},"excerpt":{"rendered":"<p>Nachdem unser heutiger Betrag u.a. auf der Eisb\u00e4ren-Facebook-Seite f\u00fcr reichlich Gespr\u00e4chsstoff gesorgt hat, m\u00f6chten wir an dieser Stelle sagen: April, April! \ud83d\ude42 Es stimmt zwar, dass die Eisb\u00e4ren Berlin in der n\u00e4chsten Saison nicht mehr in der O2-World Berlin spielen, aber nat\u00fcrlich wird die MultiFunktionsHalle am Ostbahnhof auch weiterhin die&#8230; <a class=\"continue-reading-link\" href=\"https:\/\/eisbaerlin.de\/blog\/2015\/04\/01\/die-eisbaeren-spielen-in-der-naechsten-saison-in-der\/\">Continue reading<\/a><\/p>\n","protected":false},"author":41,"featured_media":0,"comment_status":"closed","ping_status":"open","sticky":false,"template":"","format":"standard","meta":{"footnotes":""},"categories":[4,8,287,286,123],"tags":[],"class_list":["post-5122","post","type-post","status-publish","format-standard","hentry","category-del","category-ebb","category-mercedes-benz-arena","category-o2-world-2","category-wellblechpalast"],"_links":{"self":[{"href":"https:\/\/eisbaerlin.de\/blog\/wp-json\/wp\/v2\/posts\/5122","targetHints":{"allow":["GET"]}}],"collection":[{"href":"https:\/\/eisbaerlin.de\/blog\/wp-json\/wp\/v2\/posts"}],"about":[{"href":"https:\/\/eisbaerlin.de\/blog\/wp-json\/wp\/v2\/types\/post"}],"author":[{"embeddable":true,"href":"https:\/\/eisbaerlin.de\/blog\/wp-json\/wp\/v2\/users\/41"}],"replies":[{"embeddable":true,"href":"https:\/\/eisbaerlin.de\/blog\/wp-json\/wp\/v2\/comments?post=5122"}],"version-history":[{"count":18,"href":"https:\/\/eisbaerlin.de\/blog\/wp-json\/wp\/v2\/posts\/5122\/revisions"}],"predecessor-version":[{"id":7777,"href":"https:\/\/eisbaerlin.de\/blog\/wp-json\/wp\/v2\/posts\/5122\/revisions\/7777"}],"wp:attachment":[{"href":"https:\/\/eisbaerlin.de\/blog\/wp-json\/wp\/v2\/media?parent=5122"}],"wp:term":[{"taxonomy":"category","embeddable":true,"href":"https:\/\/eisbaerlin.de\/blog\/wp-json\/wp\/v2\/categories?post=5122"},{"taxonomy":"post_tag","embeddable":true,"href":"https:\/\/eisbaerlin.de\/blog\/wp-json\/wp\/v2\/tags?post=5122"}],"curies":[{"name":"wp","href":"https:\/\/api.w.org\/{rel}","templated":true}]}}