{"id":5031,"date":"2015-02-25T22:55:59","date_gmt":"2015-02-25T21:55:59","guid":{"rendered":"http:\/\/eisbaerlin.de\/blog\/?p=5031"},"modified":"2015-02-25T22:55:59","modified_gmt":"2015-02-25T21:55:59","slug":"uwe-krupp-abgerechnet-wird-zum-schluss","status":"publish","type":"post","link":"https:\/\/eisbaerlin.de\/blog\/2015\/02\/25\/uwe-krupp-abgerechnet-wird-zum-schluss\/","title":{"rendered":"Uwe Krupp: &#8222;Abgerechnet wird zum Schluss&#8220;"},"content":{"rendered":"<p><img loading=\"lazy\" decoding=\"async\" class=\"alignleft  wp-image-12\" src=\"http:\/\/eisbaerlin.de\/blog\/wp-content\/uploads\/2012\/09\/125px-Logo_ERC_Ingolstadt_svg.png\" alt=\"125px-Logo_ERC_Ingolstadt_svg\" width=\"95\" height=\"108\" \/>Die Eisb\u00e4ren Berlin haben am vergangenen Wochenende ihr erstes Saisonziel in der DEL-Saison 2014\/2015 verpasst. Man wollte am Ende der Hauptrunde unter den ersten sechs Mannschaften der Tabelle stehen und sich somit direkt f\u00fcr das Play-Off-Viertelfinale qualifizieren. Dieses Ziel hat man nicht erreicht, stattdessen muss man zum zweiten Mal nacheinander und zum insgesamt dritten Mal in die Pre-Play-Offs, welche man bisher noch nie \u00fcberstanden hat. Trainer Uwe Krupp wurde beim heutigen Fan-Dialog im neuen Fanbogen nach den Gr\u00fcnden daf\u00fcr gefragt.<\/p>\n<p>F\u00fcr Krupp gibt es verschiedene Gr\u00fcnde daf\u00fcr:<\/p>\n<blockquote><p><span style=\"color: #ff0000;\"><em><strong>Die Wahrheit liegt wohl irgendwo zwischen einigen verletzten Spielern und dem ein oder anderen Spiel, was wir im Griff hatten, wo wir dann aber irgendwie einen Weg gefunden haben, das Spiel noch zu verlieren.<\/strong><\/em><\/span><\/p><\/blockquote>\n<p>Dabei suchte Krupp nicht unbedingt nach Ausreden, als er die verletzten Spieler ansprach. Viel mehr versuchte er es zu erkl\u00e4ren. Als Beispiel daf\u00fcr nannte er Marcel Noebels, der vor seiner Verletzung richtig gut drauf war und der nun wieder seine Form sucht:<\/p>\n<blockquote><p><span style=\"color: #ff0000;\"><em><strong> Man kann nicht von einem verletzten Spieler erwarten, dass er sofort wieder seine alte Form findet und voll einschl\u00e4gt. Das kann man einfach nicht verlangen. Nach Verletzungen brauchen die Spieler erst wieder einige Zeit, um wieder zu alter Form zur\u00fcck zu finden.<\/strong><\/em><\/span><\/p><\/blockquote>\n<p>Im Hinblick auf die beiden letzten Hauptrundenspiele am Wochenende angesprochen, meinte Uwe Krupp, dass man die n\u00e4chsten Spiele daf\u00fcr nutzen will, um wieder in Form zu kommen. Man habe ja nun auch noch &#8222;Extra-Spiele&#8220; bekommen, so Uwe Krupp in Anspielung auf die Pre-Play-Offs.<!--more--><\/p>\n<p>Uwe Krupp ist von seiner Mannschaft \u00fcberzeugt. Als er die Mannschaft im Dezember \u00fcbernommen hat, war er froh, so eine Mannschaft zu trainieren. Die Jungs haben laut Krupp F\u00e4higkeiten, die man nicht bei bringen kann. Entweder man hat diese F\u00e4higkeiten oder man hat diese nicht. Ihm hat es einfach Spa\u00df gemacht, diese Mannschaft zu trainieren.<br \/>\nUnd die Mannschaft hat auch ihr K\u00f6nnen bereits angedeutet. Krupp meinte damit die starke Phase Ende Dezember\/Anfang Januar, als es mit der Mannschaft deutlich bergauf ging und man das Gef\u00fchl hatte, der &#8222;Krupp-Effekt&#8220; h\u00e4tte etwas bewirkt und die Eisb\u00e4ren sind mit dem ehemaligen Bundestrainer wieder auf einem Weg in bessere Zeiten. Genau wegen dieser Phase ist der Eisb\u00e4ren-Trainer davon \u00fcberzeugt, dass seine Mannschaft, wenn sie in den Play-Offs genau so auftritt und spielt, auch ein W\u00f6rtchen mitreden kann im Kampf um den DEL-Titel.<\/p>\n<p>Uwe Krupp meinte dann auch, dass zum Schluss erst abgerechnet wird. Man habe eine gute Mannschaft, die sehr gutes Eishockey spielen kann. Nur muss man eben von Verletzungen verschont bleiben, was in dieser Saison leider nicht der Fall war. Und verletzte Spieler kann keine Mannschaft der DEL so einfach ersetzen, da h\u00e4tte jede Mannschaft Probleme. Egal ob Mannheim, M\u00fcnchen oder Berlin. Doch wenn die Eisb\u00e4ren nahezu komplett sind, ist mit ihnen zu rechnen. Und in den Play-Offs hat die Mannschaft schon so oft gezeigt, was in ihr steckt. Denn in der &#8222;f\u00fcnften Jahreszeit&#8220; bl\u00fcht diese Mannschaft immer richtig auf. Und auf diese &#8222;f\u00fcnfte Jahreszeit&#8220; freut sich Uwe Krupp schon riesig, denn alle in Berlin schw\u00e4rmen von dieser Zeit.<\/p>\n<p>Nur um auch in den Pre-Play-Offs und den vielleicht anschlie\u00dfenden Play-Offs Erfolg zu haben, muss die Mannschaft ihr Vertrauen zur\u00fcck bekommen. Erst dann ist man in der Lage, jedem Team ein Bein zu stellen. Laut Uwe Krupp will die Mannschaft auch immer ihr bestes zeigen, nur m\u00fcssen sich die Spieler auf ihre St\u00e4rken besinnen.<\/p>\n<p>Uwe Krupp wurde auch auf die Probleme in der Schlussphase angesprochen. Zu h\u00e4ufig gaben die Eisb\u00e4ren Spiele in den letzten Minuten noch aus der Hand und verloren so wichtige Punkte, welche am Ende zur direkten Viertelfinal-Qualifikation gefehlt haben. Nur ist diese Problematik f\u00fcr den Trainer nicht ganz so leicht zu erkl\u00e4ren.<br \/>\nDenn mit den Eisb\u00e4ren hast du eine Mannschaft, die ein Spiel nicht 3:1 sondern 6:1 gewinnen will. Statt ein 3:1 zu verwalten und sicher \u00fcber die Zeit zu bringen, gibt die Mannschaft weiter Gas, um das Ergebnis noch auszubauen. Das war fr\u00fcher immer so bei den Eisb\u00e4ren gewesen. Nur war die Liga da noch anders aufgestellt und die Eisb\u00e4ren hatten ein anderes Personal zur Verf\u00fcgung, wie Krupp erg\u00e4nzte.<br \/>\nEr will, dass die Mannschaft sich in der Schlussphase bei einer 3:1-F\u00fchrung daran erinnert, wie man sich diese F\u00fchrung heraus gespielt hat und dass man dann genauso das Spiel zu Ende spielt und sich die Punkte holt. Nur ist die Mannschaft in dieser Saison am Ende dann zu oft von der Linie abgewichen, hat unn\u00f6tige Strafzeiten kassiert, was den Gegner wieder zur\u00fcck ins Spiel gebracht hat und dann nahmen die Dinge eben ihren Lauf. Es scheint also viel mehr ein Kopfproblem zu sein als ein konditionelles, wenn man Uwe Krupp so reden h\u00f6rt.<\/p>\n<p>Im Hinblick auf das Wochenende mit den zwei abschlie\u00dfenden Hauptrunden-Heimspielen gegen die D\u00fcsseldorfer EG und die Iserlohn Roosters meine Krupp, dass man ein gutes Wochenende hinlegen m\u00f6chte, um mit einem guten Gef\u00fchl in die Pre-Play-Offs gehen zu k\u00f6nnen. Daf\u00fcr ben\u00f6tigt es nicht unbedingt sechs Punkte sondern viel mehr ist Uwe Krupp die Art und Weise, wie man spielt, wichtig. Man will 60 Minuten konzentriert zu Werke gehen, zielstrebig spielen und genau das umsetzen, was man sich vornimmt. Wenn das klappt, w\u00e4re es ein erfolgreiches Wochenende aus Sicht von Uwe Krupp, der nat\u00fcrlich auch nichts gegen zwei Siege einzuwenden h\u00e4tte.<br \/>\nUnd Krupp warf auch schon mal einen Blick voraus auf die Play-Offs, sofern die Eisb\u00e4ren sie erreichen sollten. Wenn man dort ins Halbfinale kommen sollte, w\u00e4re alles m\u00f6glich.<\/p>\n<p>Allerdings machen die Personalprobleme den Eisb\u00e4ren zu schaffen. Constantin Braun f\u00e4llt bis zum Saisonende aus. Ob wir Mark Bell und Florian Busch in dieser Saison noch einmal wieder sehen werden, ist wohl mehr als fraglich und demnach wohl unwahrscheinlich. Casey Borer und Henry Haase haben zwar wieder mit trainiert, doch ob sie am Wochenende spielen k\u00f6nnen, ist mehr als fraglich. Die Tendenz geht wohl eher zu nein.<\/p>\n<p>Erst nach dem Saisonende wollen die Verantwortlichen um Trainer Uwe Krupp, Manager Peter John Lee und dem Sportlichen Leiter Stefan Ustorf ein Fazit zu dieser Saison ziehen. Vorher h\u00e4tte es keinen Sinn und man w\u00fcrde dies auch allein schon aus Respekt gegen\u00fcber der Mannschaft nicht schon vorher machen, so Stefan Ustorf.<\/p>\n<p>Ob die Saison bereits n\u00e4chste Woche beendet ist oder aber erst im April, dass werden wir in den n\u00e4chsten Tagen sehen. Noch ist alles m\u00f6glich Und wie Uwe Krupp schon gesagt hat: <span style=\"color: #ff0000;\"><em><strong>&#8222;Abgerechnet wird zum Schluss!&#8220;<\/strong><\/em><\/span><\/p>\n","protected":false},"excerpt":{"rendered":"<p>Die Eisb\u00e4ren Berlin haben am vergangenen Wochenende ihr erstes Saisonziel in der DEL-Saison 2014\/2015 verpasst. Man wollte am Ende der Hauptrunde unter den ersten sechs Mannschaften der Tabelle stehen und sich somit direkt f\u00fcr das Play-Off-Viertelfinale qualifizieren. Dieses Ziel hat man nicht erreicht, stattdessen muss man zum zweiten Mal nacheinander&#8230; <a class=\"continue-reading-link\" href=\"https:\/\/eisbaerlin.de\/blog\/2015\/02\/25\/uwe-krupp-abgerechnet-wird-zum-schluss\/\">Continue reading<\/a><\/p>\n","protected":false},"author":2,"featured_media":0,"comment_status":"open","ping_status":"open","sticky":false,"template":"","format":"standard","meta":{"footnotes":""},"categories":[166,4,8,137,259,7,279,5],"tags":[],"class_list":["post-5031","post","type-post","status-publish","format-standard","hentry","category-aktuelles-aus-der-liga","category-del","category-ebb","category-eisbaren-news","category-saison-20142015","category-spieltagsvorschau","category-uwe-krupp","category-wbn"],"_links":{"self":[{"href":"https:\/\/eisbaerlin.de\/blog\/wp-json\/wp\/v2\/posts\/5031","targetHints":{"allow":["GET"]}}],"collection":[{"href":"https:\/\/eisbaerlin.de\/blog\/wp-json\/wp\/v2\/posts"}],"about":[{"href":"https:\/\/eisbaerlin.de\/blog\/wp-json\/wp\/v2\/types\/post"}],"author":[{"embeddable":true,"href":"https:\/\/eisbaerlin.de\/blog\/wp-json\/wp\/v2\/users\/2"}],"replies":[{"embeddable":true,"href":"https:\/\/eisbaerlin.de\/blog\/wp-json\/wp\/v2\/comments?post=5031"}],"version-history":[{"count":1,"href":"https:\/\/eisbaerlin.de\/blog\/wp-json\/wp\/v2\/posts\/5031\/revisions"}],"predecessor-version":[{"id":5032,"href":"https:\/\/eisbaerlin.de\/blog\/wp-json\/wp\/v2\/posts\/5031\/revisions\/5032"}],"wp:attachment":[{"href":"https:\/\/eisbaerlin.de\/blog\/wp-json\/wp\/v2\/media?parent=5031"}],"wp:term":[{"taxonomy":"category","embeddable":true,"href":"https:\/\/eisbaerlin.de\/blog\/wp-json\/wp\/v2\/categories?post=5031"},{"taxonomy":"post_tag","embeddable":true,"href":"https:\/\/eisbaerlin.de\/blog\/wp-json\/wp\/v2\/tags?post=5031"}],"curies":[{"name":"wp","href":"https:\/\/api.w.org\/{rel}","templated":true}]}}