{"id":4794,"date":"2014-11-27T17:37:35","date_gmt":"2014-11-27T16:37:35","guid":{"rendered":"http:\/\/eisbaerlin.de\/blog\/?p=4794"},"modified":"2014-11-27T17:37:35","modified_gmt":"2014-11-27T16:37:35","slug":"morgen-gegen-krefeld-andre-rankel-und-matt-foy-sind-wieder-fit","status":"publish","type":"post","link":"https:\/\/eisbaerlin.de\/blog\/2014\/11\/27\/morgen-gegen-krefeld-andre-rankel-und-matt-foy-sind-wieder-fit\/","title":{"rendered":"Morgen gegen Krefeld: Andr\u00e9 Rankel und Matt Foy sind wieder fit"},"content":{"rendered":"<p><img loading=\"lazy\" decoding=\"async\" class=\"alignleft  wp-image-12\" src=\"http:\/\/eisbaerlin.de\/blog\/wp-content\/uploads\/2012\/09\/125px-Logo_ERC_Ingolstadt_svg.png\" alt=\"125px-Logo_ERC_Ingolstadt_svg\" width=\"93\" height=\"106\" \/><img loading=\"lazy\" decoding=\"async\" class=\"alignleft  wp-image-11\" src=\"http:\/\/eisbaerlin.de\/blog\/wp-content\/uploads\/2012\/09\/125px-Krefeld_Pinguine_Logo.png\" alt=\"125px-Krefeld_Pinguine_Logo\" width=\"108\" height=\"107\" \/>F\u00fcr die Eisb\u00e4ren Berlin geht es morgen Abend mit einem Heimspiel gegen die Krefeld Pinguine weiter. Aktuell ist es das Duell des Tabellenzehnten gegen den Tabellensechsten. F\u00fcr die Eisb\u00e4ren wird es morgen ein ungewohntes Gef\u00fchl sein, denn erstmals seit sehr langer Zeit k\u00f6nnen die Berliner wieder ein Spiel mit vollen vier Reihen bestreiten. Denn die beiden zuletzt verletzten St\u00fcrmer Andr\u00e9 Rankel und Matt Foy kehren in den EHC-Kader zur\u00fcck.<\/p>\n<p>Chefcoach Jeff Tomlinson sagte daraufhin folgendes (<em>Quelle: Medieninfomation der Eisb\u00e4ren Berlin<\/em>):<\/p>\n<blockquote><p><span style=\"color: #ff0000;\"><em><strong>Wir haben jetzt erstmals seit langer Zeit vier gleich starke Reihen zur Verf\u00fcgung. F\u00fcr uns gilt es, auch mal wieder ein Spiel in \u00dcberzahl zu entscheiden.<\/strong><\/em><\/span><\/p><\/blockquote>\n<p>Vielleicht geht es nun f\u00fcr die Hauptst\u00e4dter wieder aufw\u00e4rts in der Liga. Denn zuletzt schwankten die Leistungen der Eisb\u00e4ren sehr oft, eine Siegesserie gelang nie wirklich und zudem versuchte man es lange Zeit sehr oft mit Einzelaktionen statt als Mannschaft gemeinsam f\u00fcr den Erfolg zu k\u00e4mpfen.\u00a0Zudem zeigte man sich sehr selten \u00fcber 60 Minuten hoch konzentriert und leistete sich immer wieder grobe Schnitzer im Spielaufbau und vor dem eigenen Tor. Was sicherlich auch daran lag, dass die Verletztenliste sehr lang war, man sehr oft nur mit drei Reihen spielen konnte, was am Ende nat\u00fcrlich auch eine Kraftfrage war. Nun kann man also morgen erstmals wieder mit einem vollen Kader in ein Spiel gehen.<\/p>\n<p>Kapit\u00e4n Andr\u00e9 Rankel blickt voraus auf die morgige Heimpartie gegen die Krefeld Pinguine:<\/p>\n<blockquote><p><span style=\"color: #ff0000;\"><em><strong>Wenn alle fit sind, haben wir eine gute Mannschaft. Nun m\u00fcssen wir das auch konstant Spiel f\u00fcr Spiel zeigen.<\/strong><\/em><\/span><\/p><\/blockquote>\n<p>Morgen fehlen nun nur noch drei Spieler verletzungsbedingt. Die beiden Braun-Br\u00fcder fehlen genauso wie Vincent Schlenker. Zudem steht auch Jonas Schlenker nicht im Kader f\u00fcr das Spiel gegen Krefeld. Er wird f\u00fcr Kooperationspartner Dresden auflaufen.<\/p>\n<p>Von den letzten zehn Spielen insgesamt gegeneinander gewannen beide Mannschaften je f\u00fcnf. Das erste Aufeinandertreffen in dieser Saison ging in Krefeld mit 4:3 an die Pinguine. Auch das letzte Gastspiel in der Hauptstadt konnte Krefeld mit 4:2 f\u00fcr sich entscheiden. Es w\u00e4re also langsam mal wieder an der Zeit, einen Sieg gegen unsere Freunde aus Krefeld einzufahren.<\/p>\n<p>Los geht die Partie morgen Abend um 19:30 Uhr in der Berliner o2 World. Die Hauptschiedsrichter sind die Herren Brill und Haupt.<\/p>\n<p><span style=\"color: #000080;\"><em><strong>Der voraussichtliche Eisb\u00e4ren-Kader f\u00fcr das Heimspiel gegen die Krefeld Pinguine am 28.11.2014:<\/strong><\/em><\/span><\/p>\n<p><span style=\"color: #000080;\"><em><strong>Tor: <\/strong><\/em><\/span><\/p>\n<p><span style=\"color: #ff0000;\"><em>Petri Vehanen, Mathias Niederberger<\/em><\/span><\/p>\n<p><span style=\"color: #000080;\"><em><strong>Abwehr: <\/strong><\/em><\/span><\/p>\n<p><span style=\"color: #ff0000;\"><em>Jimmy Sharrow, Henry Haase, Alex Trivellato, Frank H\u00f6rdler, Jonas M\u00fcller, Jens Baxmann, Casey Borer<\/em><\/span><\/p>\n<p>&nbsp;<\/p>\n<p><span style=\"color: #000080;\"><em><strong>Angriff: <\/strong><\/em><\/span><\/p>\n<p><span style=\"color: #ff0000;\"><em>TJ Mulock, Mark Bell, Antti Miettinen, Barry Tallackson, Andr\u00e9 Rankel, Florian Busch, Petr\u00a0Pohl, Darin Olver, Julian Talbot, Sven Ziegler, Matt Foy, Marcel Noebels<\/em><\/span><\/p>\n<p><span style=\"color: #339966;\"><em><strong>Es fehlen: <\/strong><\/em><\/span><\/p>\n<p><span style=\"color: #339966;\"><em><strong>Vincent Schlenker (R\u00fccken), Laurin Braun (Schl\u00fcsselbein), Constantin Braun (Sprunggelenk), Jonas Schlenker (Einsatz in Dresden)<\/strong><\/em><\/span><\/p>\n","protected":false},"excerpt":{"rendered":"<p>F\u00fcr die Eisb\u00e4ren Berlin geht es morgen Abend mit einem Heimspiel gegen die Krefeld Pinguine weiter. Aktuell ist es das Duell des Tabellenzehnten gegen den Tabellensechsten. F\u00fcr die Eisb\u00e4ren wird es morgen ein ungewohntes Gef\u00fchl sein, denn erstmals seit sehr langer Zeit k\u00f6nnen die Berliner wieder ein Spiel mit vollen&#8230; <a class=\"continue-reading-link\" href=\"https:\/\/eisbaerlin.de\/blog\/2014\/11\/27\/morgen-gegen-krefeld-andre-rankel-und-matt-foy-sind-wieder-fit\/\">Continue reading<\/a><\/p>\n","protected":false},"author":2,"featured_media":0,"comment_status":"open","ping_status":"open","sticky":false,"template":"","format":"standard","meta":{"footnotes":""},"categories":[166,4,8,137,18,259,7,5],"tags":[],"class_list":["post-4794","post","type-post","status-publish","format-standard","hentry","category-aktuelles-aus-der-liga","category-del","category-ebb","category-eisbaren-news","category-kev","category-saison-20142015","category-spieltagsvorschau","category-wbn"],"_links":{"self":[{"href":"https:\/\/eisbaerlin.de\/blog\/wp-json\/wp\/v2\/posts\/4794","targetHints":{"allow":["GET"]}}],"collection":[{"href":"https:\/\/eisbaerlin.de\/blog\/wp-json\/wp\/v2\/posts"}],"about":[{"href":"https:\/\/eisbaerlin.de\/blog\/wp-json\/wp\/v2\/types\/post"}],"author":[{"embeddable":true,"href":"https:\/\/eisbaerlin.de\/blog\/wp-json\/wp\/v2\/users\/2"}],"replies":[{"embeddable":true,"href":"https:\/\/eisbaerlin.de\/blog\/wp-json\/wp\/v2\/comments?post=4794"}],"version-history":[{"count":1,"href":"https:\/\/eisbaerlin.de\/blog\/wp-json\/wp\/v2\/posts\/4794\/revisions"}],"predecessor-version":[{"id":4795,"href":"https:\/\/eisbaerlin.de\/blog\/wp-json\/wp\/v2\/posts\/4794\/revisions\/4795"}],"wp:attachment":[{"href":"https:\/\/eisbaerlin.de\/blog\/wp-json\/wp\/v2\/media?parent=4794"}],"wp:term":[{"taxonomy":"category","embeddable":true,"href":"https:\/\/eisbaerlin.de\/blog\/wp-json\/wp\/v2\/categories?post=4794"},{"taxonomy":"post_tag","embeddable":true,"href":"https:\/\/eisbaerlin.de\/blog\/wp-json\/wp\/v2\/tags?post=4794"}],"curies":[{"name":"wp","href":"https:\/\/api.w.org\/{rel}","templated":true}]}}