{"id":13825,"date":"2026-09-04T22:12:45","date_gmt":"2026-09-04T20:12:45","guid":{"rendered":"https:\/\/eisbaerlin.de\/blog\/?p=13825"},"modified":"2026-09-04T22:12:45","modified_gmt":"2026-09-04T20:12:45","slug":"26-niederlage-zum-chl-auftakt-in-genf-eisbaeren-hadern-mit-ihrer-chancenverwertung","status":"publish","type":"post","link":"https:\/\/eisbaerlin.de\/blog\/2026\/09\/04\/26-niederlage-zum-chl-auftakt-in-genf-eisbaeren-hadern-mit-ihrer-chancenverwertung\/","title":{"rendered":"2:6-Niederlage zum CHL-Auftakt in Genf: Eisb\u00e4ren hadern mit ihrer Chancenverwertung"},"content":{"rendered":"<p><img loading=\"lazy\" decoding=\"async\" class=\"aligncenter size-thumbnail wp-image-13826\" src=\"https:\/\/eisbaerlin.de\/blog\/wp-content\/uploads\/CHL_Logo_Portrait_Red_Solid_RGB-150x150.png\" alt=\"\" width=\"150\" height=\"150\" \/><\/p>\n<p><img loading=\"lazy\" decoding=\"async\" class=\"alignleft wp-image-13827\" src=\"https:\/\/eisbaerlin.de\/blog\/wp-content\/uploads\/Geneve-Servette-150x150.png\" alt=\"\" width=\"99\" height=\"99\" srcset=\"https:\/\/eisbaerlin.de\/blog\/wp-content\/uploads\/Geneve-Servette-150x150.png 150w, https:\/\/eisbaerlin.de\/blog\/wp-content\/uploads\/Geneve-Servette-300x300.png 300w, https:\/\/eisbaerlin.de\/blog\/wp-content\/uploads\/Geneve-Servette-768x768.png 768w, https:\/\/eisbaerlin.de\/blog\/wp-content\/uploads\/Geneve-Servette-350x350.png 350w, https:\/\/eisbaerlin.de\/blog\/wp-content\/uploads\/Geneve-Servette.png 946w\" sizes=\"auto, (max-width: 99px) 100vw, 99px\" \/><img loading=\"lazy\" decoding=\"async\" class=\"alignleft wp-image-11370\" src=\"https:\/\/eisbaerlin.de\/blog\/wp-content\/uploads\/20231008_135020-271x300.png\" alt=\"\" width=\"96\" height=\"106\" srcset=\"https:\/\/eisbaerlin.de\/blog\/wp-content\/uploads\/20231008_135020-271x300.png 271w, https:\/\/eisbaerlin.de\/blog\/wp-content\/uploads\/20231008_135020-926x1024.png 926w, https:\/\/eisbaerlin.de\/blog\/wp-content\/uploads\/20231008_135020-768x849.png 768w, https:\/\/eisbaerlin.de\/blog\/wp-content\/uploads\/20231008_135020-317x350.png 317w, https:\/\/eisbaerlin.de\/blog\/wp-content\/uploads\/20231008_135020-136x150.png 136w, https:\/\/eisbaerlin.de\/blog\/wp-content\/uploads\/20231008_135020.png 1326w\" sizes=\"auto, (max-width: 96px) 100vw, 96px\" \/><span style=\"color: #000000;\">Die Eisb\u00e4ren Berlin verlieren das erste Spiel in der Champions Hockey League (CHL) bei Servette Genf mit 2:6 (1:2,1:1,0:3). An sich war es eine gute Vorstellung der Berliner, am Ende haderte man aber vor allem mit der Chancenverwertung. 29:16 zeigte die Torschussstatistik am Ende an. Doch die Schweizer waren die effizientere Mannschaft.\u00a0<\/span><\/p>\n<p><span style=\"color: #000000;\">Endlich war es soweit: Das erste Pflichtspiel f\u00fcr das neue Trainerteam der Eisb\u00e4ren Berlin um Head Coach \u00c9ric Dubois und Associate Coach Dan Lambert stand an. Sie entschieden sich f\u00fcr folgende Aufstellung beim Auftakt in Genf: Jack LaFontaine stand im Berliner Tor. Kai Wissmann verteidigte wie gewohnt an der Seite von Jonas M\u00fcller, Neuzugang Brandon Davidson mit Adam Smith, Mitch Reinke mit Korbinian Geibel sowie Eric Mik mit Moritz Kretzschmar. In der Offensive sahen die Reihen wie folgt aus: Ty Ronning und Liam Kirk st\u00fcrmten zusammen mit R\u00fcckkehrer Gabriel Fontaine. Leo Pf\u00f6derl bildete eine Reihe mit Andreas Eder und Eric H\u00f6rdler. Neuzugang Tobias Krestan bildete zusammen mit Markus Vikingstad und Yannick Veilleux eine Rehe. Und die nominell vierte Reihe bestand aus Rihards Griva, Manuel Wiederer und Noel Saffran.<\/span><\/p>\n<p><span style=\"color: #000000;\">F\u00fcr die Eisb\u00e4ren geht es in dieser CHL-Saison vor allem erst einmal darum, die Ligaphase zu \u00fcberstehen und dann will man nach Aussagen der Verantwortlichen so weit wie m\u00f6glich kommen. Vor zwei Jahren stand man schon einmal im Viertelfinale und scheiterte am sp\u00e4teren Sieger ZSC Lions. Bemerkenswert: In beiden Spielen f\u00fchrte man bereits mit 3:0, ehe man in beiden Spielen als Verlieren vom Eis ging.<\/span><\/p>\n<div id=\"attachment_13831\" style=\"width: 930px\" class=\"wp-caption aligncenter\"><img loading=\"lazy\" decoding=\"async\" aria-describedby=\"caption-attachment-13831\" class=\"size-large wp-image-13831\" src=\"https:\/\/eisbaerlin.de\/blog\/wp-content\/uploads\/cp-SE-EBB-LFX26-147k-1024x683.jpg\" alt=\"\" width=\"920\" height=\"614\" srcset=\"https:\/\/eisbaerlin.de\/blog\/wp-content\/uploads\/cp-SE-EBB-LFX26-147k-1024x683.jpg 1024w, https:\/\/eisbaerlin.de\/blog\/wp-content\/uploads\/cp-SE-EBB-LFX26-147k-300x200.jpg 300w, https:\/\/eisbaerlin.de\/blog\/wp-content\/uploads\/cp-SE-EBB-LFX26-147k-768x512.jpg 768w, https:\/\/eisbaerlin.de\/blog\/wp-content\/uploads\/cp-SE-EBB-LFX26-147k-1536x1024.jpg 1536w, https:\/\/eisbaerlin.de\/blog\/wp-content\/uploads\/cp-SE-EBB-LFX26-147k-2048x1365.jpg 2048w, https:\/\/eisbaerlin.de\/blog\/wp-content\/uploads\/cp-SE-EBB-LFX26-147k-525x350.jpg 525w, https:\/\/eisbaerlin.de\/blog\/wp-content\/uploads\/cp-SE-EBB-LFX26-147k-150x100.jpg 150w\" sizes=\"auto, (max-width: 920px) 100vw, 920px\" \/><p id=\"caption-attachment-13831\" class=\"wp-caption-text\"><\/span> <span style=\"color: #0000ff;\"><em>R\u00fcckkehrer Gabriel Fontaine (rechts) erzielte das erste Pflichtspieltor der Eisb\u00e4ren-Saison 2026\/27. (Archivfoto von Marco Leipold \/ City-Press GmbH Bildagentur)<\/em><\/span><\/p><\/div>\n<p style=\"text-align: center;\"><em><strong><span style=\"color: #ff0000;\">Fontaine belohnt die Eisb\u00e4ren mit dem Anschlusstreffer<\/span><\/strong><\/em><\/p>\n<p><span style=\"color: #000000;\">Trotz eines guten Beginns der G\u00e4ste gingen die Hausherren in F\u00fchrung. Nach rund drei Minuten klingelte es erstmals im Tor von LaFontaine. Vili Saarij\u00e4rvi d\u00fcpierte den neuen Berliner Goalie &#8211; 0:1 (3.). Keine zwei Minuten sp\u00e4ter legten die Schweizer das zweite Tor nach. Die Gastgeber eroberten die Scheibe in der Bandenrundung und spielten dann den Treffer sch\u00f6n heraus. Markus Granlund war der Torsch\u00fctze gewesen &#8211; 0:2 (5.).<\/span><br \/>\n<span style=\"color: #000000;\">Trotz der zwei schnellen Gegentore lie\u00dfen sich die Eisb\u00e4ren nicht von ihrem Spielplan abbringen und spielten weiter gutes Eishockey. In der Folge erspielte man sich auch weitere gute Chancen, konnte diese jedoch nicht verwerten. Bis zum ersten Powerplay in der Schlussphase. Leo Pf\u00f6derl scheiterte noch, aber Gabriel Fontaine verk\u00fcrzte 100 Sekunden vor dem Ende auf 1:2 (19.). Der verdiente Lohn f\u00fcr ein starkes erstes Drittel &#8211; abgesehen von der Phase, in der man beide Gegentore kassierte.<\/span><\/p>\n<div id=\"attachment_13832\" style=\"width: 930px\" class=\"wp-caption aligncenter\"><img loading=\"lazy\" decoding=\"async\" aria-describedby=\"caption-attachment-13832\" class=\"size-large wp-image-13832\" src=\"https:\/\/eisbaerlin.de\/blog\/wp-content\/uploads\/cp-SE-EBB-LFX26-118k-1024x683.jpg\" alt=\"\" width=\"920\" height=\"614\" srcset=\"https:\/\/eisbaerlin.de\/blog\/wp-content\/uploads\/cp-SE-EBB-LFX26-118k-1024x683.jpg 1024w, https:\/\/eisbaerlin.de\/blog\/wp-content\/uploads\/cp-SE-EBB-LFX26-118k-300x200.jpg 300w, https:\/\/eisbaerlin.de\/blog\/wp-content\/uploads\/cp-SE-EBB-LFX26-118k-768x512.jpg 768w, https:\/\/eisbaerlin.de\/blog\/wp-content\/uploads\/cp-SE-EBB-LFX26-118k-1536x1024.jpg 1536w, https:\/\/eisbaerlin.de\/blog\/wp-content\/uploads\/cp-SE-EBB-LFX26-118k-2048x1365.jpg 2048w, https:\/\/eisbaerlin.de\/blog\/wp-content\/uploads\/cp-SE-EBB-LFX26-118k-525x350.jpg 525w, https:\/\/eisbaerlin.de\/blog\/wp-content\/uploads\/cp-SE-EBB-LFX26-118k-150x100.jpg 150w\" sizes=\"auto, (max-width: 920px) 100vw, 920px\" \/><p id=\"caption-attachment-13832\" class=\"wp-caption-text\"><\/span> <span style=\"color: #0000ff;\"><em>Ty Ronning sorgte f\u00fcr den 2:2-Ausgleich. (Archivfoto von Marco Leipold \/ City-Press GmbH Bildagentur)<\/em><\/span><\/p><\/div>\n<p style=\"text-align: center;\"><em><strong><span style=\"color: #ff0000;\">Dr\u00fcckende \u00dcberlegenheit, trotzdem R\u00fcckstand<\/span><\/strong><\/em><\/p>\n<p><span style=\"color: #000000;\">Auch ins zweite Drittel fanden die Eisb\u00e4ren gut rein und waren die optisch gesehen \u00fcberlegene Mannschaft. Hinten lie\u00df man wenig zu, w\u00e4hrend man nach vorne das Spiel immer wieder ankurbelte. Auch das zweite Powerplay sah schon wieder vielversprechend aus. Mitte des Spiels konnte man sich dann auch ein weiteres Mal belohnen, als Ty Ronning aus der Drehung das 2:2 erzielte (31.). Inzwischen war der Ausgleich hochverdient. 16:3-Torsch\u00fcsse zeigte die Statistik am Ende des Mitteldrittels. Und doch nahm man einen 2:3-R\u00fcckstand mit in die zweite Drittelpause. Der Gegentreffer fiel 13 Sekunden vor Drittelende.<\/span><\/p>\n<div id=\"attachment_13833\" style=\"width: 930px\" class=\"wp-caption aligncenter\"><img loading=\"lazy\" decoding=\"async\" aria-describedby=\"caption-attachment-13833\" class=\"size-large wp-image-13833\" src=\"https:\/\/eisbaerlin.de\/blog\/wp-content\/uploads\/cp-EBB-TRG140826-153k-1024x683.jpg\" alt=\"\" width=\"920\" height=\"614\" srcset=\"https:\/\/eisbaerlin.de\/blog\/wp-content\/uploads\/cp-EBB-TRG140826-153k-1024x683.jpg 1024w, https:\/\/eisbaerlin.de\/blog\/wp-content\/uploads\/cp-EBB-TRG140826-153k-300x200.jpg 300w, https:\/\/eisbaerlin.de\/blog\/wp-content\/uploads\/cp-EBB-TRG140826-153k-768x512.jpg 768w, https:\/\/eisbaerlin.de\/blog\/wp-content\/uploads\/cp-EBB-TRG140826-153k-1536x1024.jpg 1536w, https:\/\/eisbaerlin.de\/blog\/wp-content\/uploads\/cp-EBB-TRG140826-153k-2048x1365.jpg 2048w, https:\/\/eisbaerlin.de\/blog\/wp-content\/uploads\/cp-EBB-TRG140826-153k-525x350.jpg 525w, https:\/\/eisbaerlin.de\/blog\/wp-content\/uploads\/cp-EBB-TRG140826-153k-150x100.jpg 150w\" sizes=\"auto, (max-width: 920px) 100vw, 920px\" \/><p id=\"caption-attachment-13833\" class=\"wp-caption-text\"><\/span> <span style=\"color: #0000ff;\"><em>Jack LaFontaine gab sein Pflichtspiel-Deb\u00fct f\u00fcr die Eisb\u00e4ren. (Archivfoto von Jan-Philipp Burmann \/ City-Press GmbH Bildagentur)<\/em><\/span><\/p><\/div>\n<p style=\"text-align: center;\"><em><strong><span style=\"color: #ff0000;\">Chancenverwertung spricht am Ende klar f\u00fcr Genf<\/span><\/strong><\/em><\/p>\n<p><span style=\"color: #000000;\">Direkt zu Beginn des Schlussdrittels hatte Leo Pf\u00f6derl das 3:3 auf dem Schl\u00e4ger, lie\u00df diese Chance aber liegen. Fortan ging es hin und her, aber getroffen haben nur die Hausherren. Erneut war Granlund der Torsch\u00fctze &#8211; 2:4 (49.).<\/span><br \/>\n<span style=\"color: #000000;\">Die Chancenverwertung war hier in diesem Spiel der Knackpunkt. W\u00e4hrend Genf weniger Torsch\u00fcsse hatte, diese aber effektiv zu nutzen wusste, lie\u00dfen die Eisb\u00e4ren Chance um Chance liegen. Das war aber auch das einzig schlechte an diesem Spiel, denn ansonsten war es ein sehr starker Auftritt der Hauptst\u00e4dter. 31 Prozent zeigte die Schuss-Effizienz der Schweizer an, sieben Prozent waren es bei den Eisb\u00e4ren zu diesem Zeitpunkt.<\/span><br \/>\n<span style=\"color: #000000;\">In \u00dcberzahl entschieden die Gastgeber das Spiel mit dem Treffer zum 5:2. James Vesey \u00fcberwand LaFontaine im Berliner Tor (54.). Deren Trainer Dubois nahm dann in den letzten f\u00fcnf Minuten noch seinen Goalie zu Gunsten eines sechsten Spielers vom Eis. Das nutzte Noah Rod zum sechsten Treffer aus &#8211; 2:6 (58.).<\/span><br \/>\n<span style=\"color: #000000;\">Damit setzte es im ersten CHL-Spiel eine deutliche Niederlage. Am Ende setzte sich die Kaltschn\u00e4uzigkeit der Schweizer durch. Die Eisb\u00e4ren m\u00fcssen die guten Ans\u00e4tze aus diesem Spiel mitnehmen und am Sonntag in Davos eine bessere Chancenverwertung an den Tag legen.<\/span><\/p>\n","protected":false},"excerpt":{"rendered":"<p>Die Eisb\u00e4ren Berlin verlieren das erste Spiel in der Champions Hockey League (CHL) bei Servette Genf mit 2:6 (1:2,1:1,0:3). An sich war es eine gute Vorstellung der Berliner, am Ende haderte man aber vor allem mit der Chancenverwertung. 29:16 zeigte die Torschussstatistik am Ende an. Doch die Schweizer waren die&#8230; <a class=\"continue-reading-link\" href=\"https:\/\/eisbaerlin.de\/blog\/2026\/09\/04\/26-niederlage-zum-chl-auftakt-in-genf-eisbaeren-hadern-mit-ihrer-chancenverwertung\/\">Continue reading<\/a><\/p>\n","protected":false},"author":2,"featured_media":0,"comment_status":"closed","ping_status":"open","sticky":false,"template":"","format":"standard","meta":{"footnotes":""},"categories":[166,585,503,4,8,352,137,541,211,586,25,5],"tags":[],"class_list":["post-13825","post","type-post","status-publish","format-standard","hentry","category-aktuelles-aus-der-liga","category-champions-hockey-league-2026-2027","category-city-press","category-del","category-ebb","category-eisbaeren-berlin","category-eisbaren-news","category-gabriel-fontaine","category-impressionen","category-servette-genf","category-spieltagsberichte","category-wbn"],"_links":{"self":[{"href":"https:\/\/eisbaerlin.de\/blog\/wp-json\/wp\/v2\/posts\/13825","targetHints":{"allow":["GET"]}}],"collection":[{"href":"https:\/\/eisbaerlin.de\/blog\/wp-json\/wp\/v2\/posts"}],"about":[{"href":"https:\/\/eisbaerlin.de\/blog\/wp-json\/wp\/v2\/types\/post"}],"author":[{"embeddable":true,"href":"https:\/\/eisbaerlin.de\/blog\/wp-json\/wp\/v2\/users\/2"}],"replies":[{"embeddable":true,"href":"https:\/\/eisbaerlin.de\/blog\/wp-json\/wp\/v2\/comments?post=13825"}],"version-history":[{"count":4,"href":"https:\/\/eisbaerlin.de\/blog\/wp-json\/wp\/v2\/posts\/13825\/revisions"}],"predecessor-version":[{"id":13836,"href":"https:\/\/eisbaerlin.de\/blog\/wp-json\/wp\/v2\/posts\/13825\/revisions\/13836"}],"wp:attachment":[{"href":"https:\/\/eisbaerlin.de\/blog\/wp-json\/wp\/v2\/media?parent=13825"}],"wp:term":[{"taxonomy":"category","embeddable":true,"href":"https:\/\/eisbaerlin.de\/blog\/wp-json\/wp\/v2\/categories?post=13825"},{"taxonomy":"post_tag","embeddable":true,"href":"https:\/\/eisbaerlin.de\/blog\/wp-json\/wp\/v2\/tags?post=13825"}],"curies":[{"name":"wp","href":"https:\/\/api.w.org\/{rel}","templated":true}]}}