{"id":13718,"date":"2026-04-17T21:54:24","date_gmt":"2026-04-17T19:54:24","guid":{"rendered":"https:\/\/eisbaerlin.de\/blog\/?p=13718"},"modified":"2026-04-17T21:58:45","modified_gmt":"2026-04-17T19:58:45","slug":"52-heimsieg-gegen-koeln-die-eisbaeren-berlin-holen-sich-den-matchpuck","status":"publish","type":"post","link":"https:\/\/eisbaerlin.de\/blog\/2026\/04\/17\/52-heimsieg-gegen-koeln-die-eisbaeren-berlin-holen-sich-den-matchpuck\/","title":{"rendered":"5:2-Heimsieg gegen K\u00f6ln: Die Eisb\u00e4ren Berlin holen sich den Matchpuck"},"content":{"rendered":"<p style=\"text-align: center;\"><span style=\"color: #0000ff;\"><em><strong>WalkersBaerenNews 2025\/2026 \u2013 Ausgabe \u2013 #46:<\/strong><\/em><\/span><\/p>\n<p style=\"text-align: center;\"><span style=\"color: #339966;\"><em><strong>Playoff-Halbfinale \u2013 Stand: 3:2 (6:3\/1:5\/4:2\/3:4 n.V.\/5:2)<\/strong><\/em><\/span><\/p>\n<p><img loading=\"lazy\" decoding=\"async\" class=\"alignleft wp-image-11370\" src=\"https:\/\/eisbaerlin.de\/blog\/wp-content\/uploads\/20231008_135020-271x300.png\" alt=\"\" width=\"74\" height=\"82\" srcset=\"https:\/\/eisbaerlin.de\/blog\/wp-content\/uploads\/20231008_135020-271x300.png 271w, https:\/\/eisbaerlin.de\/blog\/wp-content\/uploads\/20231008_135020-926x1024.png 926w, https:\/\/eisbaerlin.de\/blog\/wp-content\/uploads\/20231008_135020-768x849.png 768w, https:\/\/eisbaerlin.de\/blog\/wp-content\/uploads\/20231008_135020-317x350.png 317w, https:\/\/eisbaerlin.de\/blog\/wp-content\/uploads\/20231008_135020-136x150.png 136w, https:\/\/eisbaerlin.de\/blog\/wp-content\/uploads\/20231008_135020.png 1326w\" sizes=\"auto, (max-width: 74px) 100vw, 74px\" \/><img loading=\"lazy\" decoding=\"async\" class=\"alignleft wp-image-16\" src=\"https:\/\/eisbaerlin.de\/blog\/wp-content\/uploads\/2012\/09\/130px-Koelner-haie-logo_svg.png\" alt=\"\" width=\"88\" height=\"79\" \/><span style=\"color: #000000;\">Matchpuck f\u00fcr die Eisb\u00e4ren Berlin: Der Titelverteidiger hat auch sein drittes Heimspiel in der Halbfinalserie gegen die K\u00f6lner Haie gewonnen. Am Ende setzte man sich verdient mit 5:2 (0:0,2:1,3:1) durch und ben\u00f6tigt somit nur noch einen Sieg f\u00fcr den dritten Finaleinzug in Folge. Die Eisb\u00e4ren erwiesen sich \u00fcber die 60 Minuten als die st\u00e4rkere Mannschaft, welche ihre Chancen eiskalt nutzte und die zudem ihre Nerven im Griff hatte. Das galt f\u00fcr die Haie nicht, denn diese handelten sich am Ende noch jeweils zwei Disziplinarstrafen ein wegen unsportlichen Verhaltens.<\/span><\/p>\n<p><span style=\"color: #000000;\">Eisb\u00e4ren-Trainer Serge Aubin konnte heute wieder auf Yannick Veilleux zur\u00fcckgreifen, der zuletzt zwei Spiele gesperrt war. Daf\u00fcr rotierte Norwin Panocha raus aus dem Kader. Es kam zu einigen \u00c4nderungen im Line-up.<\/span><br \/>\n<span style=\"color: #000000;\">In der Defensive verteidigte Moritz Kretzschmar an der Seite von Les Lancaster und ersetzte Eric Mik, welcher in die vierte Reihe zu Eric H\u00f6rdler und Manuel Wiederer gestellt wurde. Veilleux st\u00fcrmte in einer Reihe mit Leo Pf\u00f6derl und Markus Vikingstad. Im Tor begann Jonas Stettmer, w\u00e4hrend Lennart Nei\u00dfe als Back-up auf der Bank Platz nahm.<\/span><\/p>\n<p><span style=\"color: #000000;\">Die Ausgangslage war klar: F\u00fcr die Eisb\u00e4ren war es das letzte Heimspiel in dieser Halbfinalserie und es musste ein Sieg her, um am Montag mit dem Matchpuck im Gep\u00e4ck in die Domstadt zu reisen. Bei einer Niederlage h\u00e4tten die Haie diesen. Gelang den Eisb\u00e4ren der n\u00e4chste Heimsieg oder gelang K\u00f6ln der erste Ausw\u00e4rtssieg in dieser Serie?<\/span><\/p>\n<div id=\"attachment_13720\" style=\"width: 930px\" class=\"wp-caption aligncenter\"><img loading=\"lazy\" decoding=\"async\" aria-describedby=\"caption-attachment-13720\" class=\"size-large wp-image-13720\" src=\"https:\/\/eisbaerlin.de\/blog\/wp-content\/uploads\/cp-HF5-EBB-KEC26-113k-1024x683.jpg\" alt=\"\" width=\"920\" height=\"614\" srcset=\"https:\/\/eisbaerlin.de\/blog\/wp-content\/uploads\/cp-HF5-EBB-KEC26-113k-1024x683.jpg 1024w, https:\/\/eisbaerlin.de\/blog\/wp-content\/uploads\/cp-HF5-EBB-KEC26-113k-300x200.jpg 300w, https:\/\/eisbaerlin.de\/blog\/wp-content\/uploads\/cp-HF5-EBB-KEC26-113k-768x512.jpg 768w, https:\/\/eisbaerlin.de\/blog\/wp-content\/uploads\/cp-HF5-EBB-KEC26-113k-1536x1024.jpg 1536w, https:\/\/eisbaerlin.de\/blog\/wp-content\/uploads\/cp-HF5-EBB-KEC26-113k-2048x1365.jpg 2048w, https:\/\/eisbaerlin.de\/blog\/wp-content\/uploads\/cp-HF5-EBB-KEC26-113k-525x350.jpg 525w, https:\/\/eisbaerlin.de\/blog\/wp-content\/uploads\/cp-HF5-EBB-KEC26-113k-150x100.jpg 150w\" sizes=\"auto, (max-width: 920px) 100vw, 920px\" \/><p id=\"caption-attachment-13720\" class=\"wp-caption-text\"><span style=\"color: #0000ff;\"><em>Es war das erwartet hart umk\u00e4mpfte Spiel zwischen den Eisb\u00e4ren und K\u00f6ln. (Foto von Moritz Eden \/ City-Press GmbH Bildagentur)<\/em><\/span><\/p><\/div>\n<p><span style=\"color: #000000;\">Die erwartete Drangphase der Eisb\u00e4ren zu Beginn des Spiels blieb aus, auch wenn sie bem\u00fcht waren, genau diese aufzuziehen. Aber die Haie-Defensive war sehr gut darauf eingestellt und lie\u00df diese daher nicht so viel zu wie erhofft. Dennoch versuchten beide Mannschaften offensiv zu spielen, auf die erste hochkar\u00e4tige Torchance musste man jedoch noch warten.<\/span><br \/>\n<span style=\"color: #000000;\">Die Eisb\u00e4ren hatten dann das erste Powerplay, aber die Domst\u00e4dter st\u00f6rten mit einem aggressiven Forechecking fr\u00fch den Spielaufbau der Berliner. So verpuffte dieses Powerplay, in dem K\u00f6ln sogar die beste Chance hatte.<\/span><br \/>\n<span style=\"color: #000000;\">Das Spiel hatte bei weitem noch nicht die Intensit\u00e4t der letzten Spiele erreicht und war auch noch lange nicht so hochklassig. Weil beide Mannschaften aber auch wussten, wie wichtig Spiel f\u00fcnf dieser Halbfinalserie war. Es ging schlie\u00dflich um den Matchpuck in dieser Serie. Daher war die Partie auch hart umk\u00e4mpft.<\/span><br \/>\n<span style=\"color: #000000;\">Da auf dem Eis nicht so viel passierte, konnte man derweil mal in den sozialen Netzwerken st\u00f6bern und stie\u00df sofort auf zwei wichtige Jubil\u00e4en in diesem Spiel: Denn Leo Pf\u00f6derl absolvierte heute sein 750. Spiel in der PENNY DEL und Andreas Eder sein 500. DEL-Spiel. Herzlichen Gl\u00fcckwunsch an dieser Stelle!<\/span><br \/>\n<span style=\"color: #000000;\">Torlos endeten derweil die ersten 20 Minuten, was die Nerven der Fans definitiv nicht beruhigte.<\/span><\/p>\n<div id=\"attachment_13721\" style=\"width: 930px\" class=\"wp-caption aligncenter\"><img loading=\"lazy\" decoding=\"async\" aria-describedby=\"caption-attachment-13721\" class=\"size-large wp-image-13721\" src=\"https:\/\/eisbaerlin.de\/blog\/wp-content\/uploads\/cp-HF5-EBB-KEC26-130k-1024x683.jpg\" alt=\"\" width=\"920\" height=\"614\" srcset=\"https:\/\/eisbaerlin.de\/blog\/wp-content\/uploads\/cp-HF5-EBB-KEC26-130k-1024x683.jpg 1024w, https:\/\/eisbaerlin.de\/blog\/wp-content\/uploads\/cp-HF5-EBB-KEC26-130k-300x200.jpg 300w, https:\/\/eisbaerlin.de\/blog\/wp-content\/uploads\/cp-HF5-EBB-KEC26-130k-768x512.jpg 768w, https:\/\/eisbaerlin.de\/blog\/wp-content\/uploads\/cp-HF5-EBB-KEC26-130k-1536x1024.jpg 1536w, https:\/\/eisbaerlin.de\/blog\/wp-content\/uploads\/cp-HF5-EBB-KEC26-130k-2048x1365.jpg 2048w, https:\/\/eisbaerlin.de\/blog\/wp-content\/uploads\/cp-HF5-EBB-KEC26-130k-525x350.jpg 525w, https:\/\/eisbaerlin.de\/blog\/wp-content\/uploads\/cp-HF5-EBB-KEC26-130k-150x100.jpg 150w\" sizes=\"auto, (max-width: 920px) 100vw, 920px\" \/><p id=\"caption-attachment-13721\" class=\"wp-caption-text\"><span style=\"color: #0000ff;\"><em>Adam Smith er\u00f6ffnete Halbfinalspiel f\u00fcnf mit dem Tor zum 1:0. (Foto von Moritz Eden \/ City-Press GmbH Bildagentur)<\/em><\/span><\/p><\/div>\n<p><span style=\"color: #000000;\">35 Sekunden war das Mitteldrittel alt, da durften die Domst\u00e4dter erstmals in \u00dcberzahl ran. K\u00f6ln hatte in diesem auch eine gute Chance, aber Jonas Stettmer war hellwach. Auf der Gegenseite musste das aber auch Janne Juvonen sein, der gegen Yannick Veilleux rettete. Zwei Top-Chancen zu Beginn des zweiten Drittels.<\/span><br \/>\n<span style=\"color: #000000;\">Nun nahm die Partie so langsam aber sicher Fahrt auf und die Chancen wurden zwingender und gef\u00e4hrlicher. Und prompt erklang &#8222;Viva la Vida&#8220; und es schallte der erste Jubelschrei durch die Arena am Ostbahnhof. Adam Smith marschierte locker durch die Haie-Defensive und zog trocken ab &#8211; 1:0 (25.).<\/span><br \/>\n<span style=\"color: #000000;\">Doch direkt danach durfte die Mannschaft von Kari Jalonen erneut in \u00dcberzahl ran und hatte somit die dicke Chance zur schnellen Antwort. Doch die gab es nicht, stattdessen der Doppelschlag der Eisb\u00e4ren, die erneut eine Top-Chance in Unterzahl hatten. Manuel Wiederer klaute sich die Scheibe und marschierte auf Janne Juvonen zu. Der Spieler des Jahres hatte keine Chance und fing sich den Shorthander &#8211; 2:0 (27.).<\/span><br \/>\n<span style=\"color: #000000;\">Nun flog hier fast das Dach der Arena weg, so euphorisch waren die Eisb\u00e4ren-Fans, w\u00e4hrend im K\u00f6lner Block bei den meisten Haie-Fans Schockstarre herrschte. Deren Mannschaft suchte derweil nach einer Reaktion, aber die Defensive der Eisb\u00e4ren lie\u00df die Angriffe der G\u00e4ste im Keim ersticken. Aber in der 32. Spielminute fanden die Haie dann doch die L\u00fccke im Berliner Tor. Ein starkes Zuspiel verwertete Dominik Bokk und erwies sich damit einmal mehr als K\u00f6lner Lebensversicherung in dieser Halbfinalserie &#8211; 2:1 (32.).<\/span><br \/>\n<span style=\"color: #000000;\">Der Treffer gab K\u00f6ln neuen R\u00fcckenwind, denn pl\u00f6tzlich dr\u00e4ngten die Haie auf den Ausgleich. Jonas Stettmer verhinderte diesen aber mit mehreren guten Paraden. Die Eisb\u00e4ren rannten in dieser Phase dem Spiel so ein wenig hinterher und mussten versuchen, wieder zur\u00fcck zu ihrem Spiel zu finden.<\/span><br \/>\n<span style=\"color: #000000;\">Zum Ende des zweiten Drittels vergaben die Eisb\u00e4ren noch ein Powerplay und nahmen somit die knappe 2:1-F\u00fchrung mit in die Kabine.<\/span><\/p>\n<div id=\"attachment_13722\" style=\"width: 930px\" class=\"wp-caption aligncenter\"><img loading=\"lazy\" decoding=\"async\" aria-describedby=\"caption-attachment-13722\" class=\"size-large wp-image-13722\" src=\"https:\/\/eisbaerlin.de\/blog\/wp-content\/uploads\/cp-HF5-EBB-KEC26-187k-1024x683.jpg\" alt=\"\" width=\"920\" height=\"614\" srcset=\"https:\/\/eisbaerlin.de\/blog\/wp-content\/uploads\/cp-HF5-EBB-KEC26-187k-1024x683.jpg 1024w, https:\/\/eisbaerlin.de\/blog\/wp-content\/uploads\/cp-HF5-EBB-KEC26-187k-300x200.jpg 300w, https:\/\/eisbaerlin.de\/blog\/wp-content\/uploads\/cp-HF5-EBB-KEC26-187k-768x512.jpg 768w, https:\/\/eisbaerlin.de\/blog\/wp-content\/uploads\/cp-HF5-EBB-KEC26-187k-1536x1024.jpg 1536w, https:\/\/eisbaerlin.de\/blog\/wp-content\/uploads\/cp-HF5-EBB-KEC26-187k-2048x1365.jpg 2048w, https:\/\/eisbaerlin.de\/blog\/wp-content\/uploads\/cp-HF5-EBB-KEC26-187k-525x350.jpg 525w, https:\/\/eisbaerlin.de\/blog\/wp-content\/uploads\/cp-HF5-EBB-KEC26-187k-150x100.jpg 150w\" sizes=\"auto, (max-width: 920px) 100vw, 920px\" \/><p id=\"caption-attachment-13722\" class=\"wp-caption-text\"><span style=\"color: #0000ff;\"><em>Gro\u00dfe Freude bei Marcel Noebels (links) und Jonas M\u00fcller (rechts) nach dem Treffer zum 3:1. (Foto von Moritz Eden \/ City-Press GmbH Bildagentur)<\/em><\/span><\/p><\/div>\n<p><span style=\"color: #000000;\">Diese bauten die Eisb\u00e4ren aber schnell aus. Es lief die 43. Spielminute, als Jonas M\u00fcller den Torj\u00e4ger in sich erkannte und einmal rum ums Tor fuhr und die Scheibe anschlie\u00dfend im langen Eck versenkte &#8211; 3:1.<\/span><br \/>\n<span style=\"color: #000000;\">Nun musste eine Reaktion der G\u00e4ste kommen, die ungern mit einem Serienr\u00fcckstand nach Hause fahren wollten. Denn damit w\u00e4re der Druck am Montag enorm, schlie\u00dflich galten die Domst\u00e4dter vor Beginn der Playoffs als der Top-Favorit auf die Meisterschaft.<br \/>\nUnd die Haie gaben hier auch noch nicht auf und warfen nochmal alles nach vorne. Nur machte es ihnen die Eisb\u00e4ren-Defensive mehr als schwer, mal gef\u00e4hrlich zum Abschluss zu kommen.<br \/>\nWenn sich ihnen die Chance bot, spielten die Eisb\u00e4ren auch nach vorne und versuchten dort dann nachzulegen und das Spiel zu entscheiden. Das gelang ihnen aber nicht.<br \/>\nDen Domst\u00e4dtern wurde in der Schlussphase dann noch ein Powerplay geschenkt, weil nur Markus Vikingstad auf die Strafbank musste, w\u00e4hrend Dominik Bokk machen durfte, was er wollte. Leider resultierte daraus auch das Gegentor zum 3:2 durch Gregor MacLeod (54.). So machte man das Spiel unn\u00f6tig wieder spannend.<br \/>\nRund zwei Minuten vor dem Ende nahmen die Haie Janne Juvonen aus dem Tor, doch das nutzten die Eisb\u00e4ren zur Entscheidung. Liam Kirk mit dem Empty-Netter zum 4:2 (59.). Doch Kari Jalonen gab noch nicht auf und nahm direkt danach seine Auszeit. Auch Juvonen verlie\u00df sein Tor wieder. Marcel Noebels nutzte das aus und traf zum 5:2-Endstand. Ex-Eisb\u00e4r Louis-Marc Aubry handelte sich danach noch eine Disziplinarstrafe ein, um die er das gesamte Spiel bereits gebettelt hatte. Auch Robin van Calster bekam noch eine Disziplinarstrafe. Beide Spieler erhielten diese wegen unsportlichen Verhaltens.<br \/>\nNun fahren die Eisb\u00e4ren am Montag nach K\u00f6ln und k\u00f6nnen den Einzug ins Finale perfekt machen. Aber der letzte Sieg ist wie immer der schwerste. Aber wenn eine Mannschaft die Nerven daf\u00fcr hat, dann ist es die von Trainer Serge Aubin. Und daf\u00fcr hat man sogar zwei Chancen in K\u00f6ln. Eine davon werden die Jungs nutzen&#8230;<\/span><\/p>\n","protected":false},"excerpt":{"rendered":"<p>WalkersBaerenNews 2025\/2026 \u2013 Ausgabe \u2013 #46: Playoff-Halbfinale \u2013 Stand: 3:2 (6:3\/1:5\/4:2\/3:4 n.V.\/5:2) Matchpuck f\u00fcr die Eisb\u00e4ren Berlin: Der Titelverteidiger hat auch sein drittes Heimspiel in der Halbfinalserie gegen die K\u00f6lner Haie gewonnen. Am Ende setzte man sich verdient mit 5:2 (0:0,2:1,3:1) durch und ben\u00f6tigt somit nur noch einen Sieg f\u00fcr&#8230; <a class=\"continue-reading-link\" href=\"https:\/\/eisbaerlin.de\/blog\/2026\/04\/17\/52-heimsieg-gegen-koeln-die-eisbaeren-berlin-holen-sich-den-matchpuck\/\">Continue reading<\/a><\/p>\n","protected":false},"author":2,"featured_media":0,"comment_status":"closed","ping_status":"open","sticky":false,"template":"","format":"standard","meta":{"footnotes":""},"categories":[563,166,503,4,8,352,137,211,394,19,540,455,581,25,22,5],"tags":[],"class_list":["post-13718","post","type-post","status-publish","format-standard","hentry","category-adam-smith","category-aktuelles-aus-der-liga","category-city-press","category-del","category-ebb","category-eisbaeren-berlin","category-eisbaren-news","category-impressionen","category-jonas-mueller","category-kec","category-liam-kirk","category-manuel-wiederer","category-playoffs-2026","category-spieltagsberichte","category-walkersbarennews","category-wbn"],"_links":{"self":[{"href":"https:\/\/eisbaerlin.de\/blog\/wp-json\/wp\/v2\/posts\/13718","targetHints":{"allow":["GET"]}}],"collection":[{"href":"https:\/\/eisbaerlin.de\/blog\/wp-json\/wp\/v2\/posts"}],"about":[{"href":"https:\/\/eisbaerlin.de\/blog\/wp-json\/wp\/v2\/types\/post"}],"author":[{"embeddable":true,"href":"https:\/\/eisbaerlin.de\/blog\/wp-json\/wp\/v2\/users\/2"}],"replies":[{"embeddable":true,"href":"https:\/\/eisbaerlin.de\/blog\/wp-json\/wp\/v2\/comments?post=13718"}],"version-history":[{"count":4,"href":"https:\/\/eisbaerlin.de\/blog\/wp-json\/wp\/v2\/posts\/13718\/revisions"}],"predecessor-version":[{"id":13728,"href":"https:\/\/eisbaerlin.de\/blog\/wp-json\/wp\/v2\/posts\/13718\/revisions\/13728"}],"wp:attachment":[{"href":"https:\/\/eisbaerlin.de\/blog\/wp-json\/wp\/v2\/media?parent=13718"}],"wp:term":[{"taxonomy":"category","embeddable":true,"href":"https:\/\/eisbaerlin.de\/blog\/wp-json\/wp\/v2\/categories?post=13718"},{"taxonomy":"post_tag","embeddable":true,"href":"https:\/\/eisbaerlin.de\/blog\/wp-json\/wp\/v2\/tags?post=13718"}],"curies":[{"name":"wp","href":"https:\/\/api.w.org\/{rel}","templated":true}]}}