{"id":11218,"date":"2023-09-11T18:47:03","date_gmt":"2023-09-11T16:47:03","guid":{"rendered":"https:\/\/eisbaerlin.de\/blog\/?p=11218"},"modified":"2023-09-11T18:47:03","modified_gmt":"2023-09-11T16:47:03","slug":"stephane-richer-wir-wollen-wieder-zu-den-top-teams-gehoeren","status":"publish","type":"post","link":"https:\/\/eisbaerlin.de\/blog\/2023\/09\/11\/stephane-richer-wir-wollen-wieder-zu-den-top-teams-gehoeren\/","title":{"rendered":"St\u00e9phane Richer: &#8222;Wir wollen wieder zu den Top-Teams geh\u00f6ren&#8220;"},"content":{"rendered":"<p><img loading=\"lazy\" decoding=\"async\" class=\"alignleft size-full wp-image-12\" src=\"https:\/\/eisbaerlin.de\/blog\/wp-content\/uploads\/2012\/09\/125px-Logo_ERC_Ingolstadt_svg.png\" alt=\"\" width=\"100\" height=\"114\" \/><span style=\"color: #000000;\">Am heutigen Montag hatten die Eisb\u00e4ren Berlin wieder zur allj\u00e4hrlichen Saisoner\u00f6ffnungs-Pressekonferenz geladen. Diesmal fand diese in der Mercedes-Benz Arena statt. Dort, wo ab Freitag wieder der Puck \u00fcber die Eisfl\u00e4che flitzt, sa\u00dfen die Protagonisten der heutigen Pressekonferenz. Dabei f\u00fchlte man sich fast wie bei einem Heimspiel, denn bevor diese losging, ert\u00f6nte erst einmal die Eisb\u00e4ren-Hymne, das Intro-Video lief auf dem Videow\u00fcrfel und die Feuertonnen waren auch im Einsatz. Da kommt definitiv Vorfreude auf die neue Saison auf. Wenn man diese bis jetzt nicht schon hatte.<\/span><\/p>\n<p><span style=\"color: #000000;\">Wie jedes Jahr durfte auch heute wieder der Vorstandsvorsitzende der GASAG, Georg Friedrichs, die Pressekonferenz er\u00f6ffnen und betonte noch einmal, dass man bereits in die 28. gemeinsame Saison mit den Eisb\u00e4ren geht:<\/span><\/p>\n<blockquote><p><span style=\"color: #ff0000;\"><strong><em>Das hier ist heute die Pressekonferenz vor der n\u00e4chsten erfolgreichen Saison und nicht die Pressekonferenz nach der letzten Saison. Das ist uns wichtig. Wir freuen uns auf erfolgreichen Sport mit den Eisb\u00e4ren. Wir gehen in die 28. gemeinsame Saison. Das freut uns sehr. Es ist kein Ende abzusehen, das darf ich an der Stelle sagen. Wir freuen uns auf die n\u00e4chste erfolgreiche Saison und sind froh, dass wir als GASAG ein Teil dieser Geschichte sind.<\/em><\/strong><\/span><\/p><\/blockquote>\n<div id=\"attachment_11221\" style=\"width: 930px\" class=\"wp-caption aligncenter\"><img loading=\"lazy\" decoding=\"async\" aria-describedby=\"caption-attachment-11221\" class=\"size-large wp-image-11221\" src=\"https:\/\/eisbaerlin.de\/blog\/wp-content\/uploads\/cp-d3-EBB-GasagPK23-028k-1024x682.jpg\" alt=\"\" width=\"920\" height=\"613\" srcset=\"https:\/\/eisbaerlin.de\/blog\/wp-content\/uploads\/cp-d3-EBB-GasagPK23-028k-1024x682.jpg 1024w, https:\/\/eisbaerlin.de\/blog\/wp-content\/uploads\/cp-d3-EBB-GasagPK23-028k-300x200.jpg 300w, https:\/\/eisbaerlin.de\/blog\/wp-content\/uploads\/cp-d3-EBB-GasagPK23-028k-768x512.jpg 768w, https:\/\/eisbaerlin.de\/blog\/wp-content\/uploads\/cp-d3-EBB-GasagPK23-028k-1536x1023.jpg 1536w, https:\/\/eisbaerlin.de\/blog\/wp-content\/uploads\/cp-d3-EBB-GasagPK23-028k-2048x1365.jpg 2048w, https:\/\/eisbaerlin.de\/blog\/wp-content\/uploads\/cp-d3-EBB-GasagPK23-028k-525x350.jpg 525w, https:\/\/eisbaerlin.de\/blog\/wp-content\/uploads\/cp-d3-EBB-GasagPK23-028k-150x100.jpg 150w\" sizes=\"auto, (max-width: 920px) 100vw, 920px\" \/><p id=\"caption-attachment-11221\" class=\"wp-caption-text\"><em><span style=\"color: #0000ff;\">Gesch\u00e4ftsf\u00fchrer Thomas Bothstede w\u00e4hrend der Saisoner\u00f6ffnungs-Pressekonferenz. (Foto von Jan-Philipp Burmann \/ City-Press GmbH Bildagentur)<\/span><\/em><\/p><\/div>\n<p><span style=\"color: #000000;\">\u00dcberall war die Vorfreude auf die neue Saison zu sp\u00fcren. Verst\u00e4ndlich, haben die Eisb\u00e4ren doch was gut zu machen nach der verkorksten letzten Saison. Fast sechs Monate war das letzte Punktspiel in dieser Arena her, wie Gesch\u00e4ftsf\u00fchrer Thomas Bothstede sagte:<\/span><\/p>\n<blockquote><p><span style=\"color: #ff0000;\"><em><strong>Wir freuen uns alle unfassbar, dass es endlich wieder losgeht. Freitag geht es endlich wieder los. Wir sind nicht ohne Grund heute hier. Alle von uns waren so lange nicht in der Arena. Fast sechs Monate, habe ich mir sagen lassen, auf den Tag genau. Und es wird einfach wieder Zeit, dass es hier losgeht.<\/strong><\/em><\/span><\/p><\/blockquote>\n<p><span style=\"color: #000000;\">Anschlie\u00dfend nannte der Gesch\u00e4ftsf\u00fchrer beeindruckende Zahlen, welche verdeutlichen, wie gro\u00df die Euphorie in Berlin ist. Nicht selbstverst\u00e4ndlich nach der letzten Saison. Aber die Fans sehen, wie gro\u00df der Umbruch im Team war und die Vorbereitung hat die Hoffnung auf eine erfolgreiche Saison verst\u00e4rkt:<\/span><\/p>\n<blockquote><p><em><strong><span style=\"color: #ff0000;\">Wir haben mehr als 13.000 Karten f\u00fcr den Freitag verkauft. Wir gehen fest davon aus, dass die Mercedes-Benz Arena rappelvoll wird und wir ausverkauftes Haus vermelden d\u00fcrfen. Die Fankurve ist f\u00fcr die kommenden vier Spiele schon ausverkauft bzw. gibt es nur noch Restkarten. Wir haben \u00fcber 5.500 Dauerkarten verkauft. Wir sind dar\u00fcber gl\u00fccklich und stolz. Das ist ein unfassbar sch\u00f6nes Gef\u00fchl. Das zeigt, wie loyal und treu unsere Unterst\u00fctzer und Fans sind. Es ist aber nat\u00fcrlich auch so etwas wie eine Aufforderung, so eine Saison wie die vergangene nicht nochmal zu haben. Wir reden nicht mehr \u00fcber die vergangene Saison. Insider wissen das. Es gibt ein Sparschwein in der Kabine und jedes Mal, wenn wenn jemand was \u00fcber die vergangene Saison sagt, muss da rein gezahlt werden.<\/span><\/strong><\/em><\/p><\/blockquote>\n<p><span style=\"color: #000000;\">Ein besonderes Anliegen hatte Thomas Bothstede dann aber auch noch. Zum einen lie\u00df er es sich nicht nehmen, der deutschen Basketball-Nationalmannschaft zum WM-Sieg zu gratulieren. Es soll ja Verb\u00e4nde geben, denen andere Themen wichtiger sind und die es nicht f\u00fcr n\u00f6tig halten, den Basketballern zu deren gr\u00f6\u00dften Triumph zu gratulieren. Die spielen glaube ich mit so einem komischen runden Ball und halten sich f\u00fcr die gr\u00f6\u00dften&#8230;<\/span><br \/>\n<span style=\"color: #000000;\">Die anderen Sportarten stehen leider nicht so sehr in der \u00d6ffentlichkeit wie Fu\u00dfball, was die Eisb\u00e4ren Berlin nach dem Gewinn der Silbermedaille bei der Eishockey-WM \u00e4ndern wollen. Thomas Bothstede zur Aktion:<\/span><\/p>\n<blockquote><p><em><strong><span style=\"color: #ff0000;\">Diese Sportarten (u.a. Basketball, Handball, Eishockey) stehen unserer Meinung nach viel zu selten in der \u00d6ffentlichkeit und die Wertsch\u00e4tzung fehlt. Wir m\u00f6chten den gr\u00f6\u00dften Erfolg der Eishockey-Nationalmannschaft seit 70 Jahren nutzen und uns f\u00fcr eine sensationelle WM bedanken. Wir als Eisb\u00e4ren werden die Nationalspieler, Trainer und Betreuer bei unseren Heimspielen ehren. Wir werden bei jedem Heimspiel, bei dem wir jemanden von der Nationalmannschaft hier haben und der Teil der WM war, aufs Eis holen und vor dem Spiel ehren. Am kommenden Freitag werden gleich neun Protagonisten geehrt. Wenn alles gut geht, begr\u00fc\u00dfen wir am 21. Dezember gegen Augsburg den letzten Spiel bei uns in der Mercedes-Benz Arena, der vor dem Spiel geehrt wird.<\/span><\/strong><\/em><\/p><\/blockquote>\n<div id=\"attachment_11222\" style=\"width: 930px\" class=\"wp-caption aligncenter\"><img loading=\"lazy\" decoding=\"async\" aria-describedby=\"caption-attachment-11222\" class=\"size-large wp-image-11222\" src=\"https:\/\/eisbaerlin.de\/blog\/wp-content\/uploads\/cp-d3-EBB-GasagPK23-043k-1024x663.jpg\" alt=\"\" width=\"920\" height=\"596\" srcset=\"https:\/\/eisbaerlin.de\/blog\/wp-content\/uploads\/cp-d3-EBB-GasagPK23-043k-1024x663.jpg 1024w, https:\/\/eisbaerlin.de\/blog\/wp-content\/uploads\/cp-d3-EBB-GasagPK23-043k-300x194.jpg 300w, https:\/\/eisbaerlin.de\/blog\/wp-content\/uploads\/cp-d3-EBB-GasagPK23-043k-768x497.jpg 768w, https:\/\/eisbaerlin.de\/blog\/wp-content\/uploads\/cp-d3-EBB-GasagPK23-043k-1536x994.jpg 1536w, https:\/\/eisbaerlin.de\/blog\/wp-content\/uploads\/cp-d3-EBB-GasagPK23-043k-2048x1326.jpg 2048w, https:\/\/eisbaerlin.de\/blog\/wp-content\/uploads\/cp-d3-EBB-GasagPK23-043k-541x350.jpg 541w, https:\/\/eisbaerlin.de\/blog\/wp-content\/uploads\/cp-d3-EBB-GasagPK23-043k-150x97.jpg 150w\" sizes=\"auto, (max-width: 920px) 100vw, 920px\" \/><p id=\"caption-attachment-11222\" class=\"wp-caption-text\"><em><span style=\"color: #0000ff;\">Sportdirektor St\u00e9phane Richer w\u00e4hrend der Saisoner\u00f6ffnungs-Pressekonferenz. (Foto von Jan-Philipp Burmann \/ City-Press GmbH Bildagentur)<\/span><\/em><\/p><\/div>\n<p><span style=\"color: #000000;\">Kommen wir nun aber zu den Haupt-Akteuren der neuen DEL-Saison im Team der Eisb\u00e4ren Berlin. Da hat sich im Sommer einiges getan. Was aber auch dringend notwendig war, schlie\u00dflich verpasste man vergangene Saison erstmals seit 20 Jahren mal wieder die Playoffs. Damit dieser Super-GAU nicht noch einmal eintritt, hat Sportdirektor St\u00e9phane Richer eine schlagkr\u00e4ftige Truppe zusammengestellt:<\/span><\/p>\n<blockquote><p><em><strong><span style=\"color: #ff0000;\">Endlich ist die sehr lange Sommerpause f\u00fcr uns vorbei. Wir haben die letzte Saison sehr intensiv aufgearbeitet und alles analysiert. Wir haben einige neue Spieler verpflichtet, vor allem auf dem deutschen Sektor konnten wir uns noch breiter aufstellen. Wir haben eine starke Mannschaft. Aber wie immer wird die Liga sehr ausgeglichen sein. Auch andere Teams haben sich sehr gut verst\u00e4rkt. Wir stecken uns immer hohe Ziele und wollen wieder zu den Top-Teams der Liga geh\u00f6ren.<\/span><\/strong><\/em><\/p><\/blockquote>\n<div id=\"attachment_11223\" style=\"width: 930px\" class=\"wp-caption aligncenter\"><img loading=\"lazy\" decoding=\"async\" aria-describedby=\"caption-attachment-11223\" class=\"size-large wp-image-11223\" src=\"https:\/\/eisbaerlin.de\/blog\/wp-content\/uploads\/cp-d3-EBB-GasagPK23-046k-1024x682.jpg\" alt=\"\" width=\"920\" height=\"613\" srcset=\"https:\/\/eisbaerlin.de\/blog\/wp-content\/uploads\/cp-d3-EBB-GasagPK23-046k-1024x682.jpg 1024w, https:\/\/eisbaerlin.de\/blog\/wp-content\/uploads\/cp-d3-EBB-GasagPK23-046k-300x200.jpg 300w, https:\/\/eisbaerlin.de\/blog\/wp-content\/uploads\/cp-d3-EBB-GasagPK23-046k-768x512.jpg 768w, https:\/\/eisbaerlin.de\/blog\/wp-content\/uploads\/cp-d3-EBB-GasagPK23-046k-1536x1023.jpg 1536w, https:\/\/eisbaerlin.de\/blog\/wp-content\/uploads\/cp-d3-EBB-GasagPK23-046k-2048x1365.jpg 2048w, https:\/\/eisbaerlin.de\/blog\/wp-content\/uploads\/cp-d3-EBB-GasagPK23-046k-525x350.jpg 525w, https:\/\/eisbaerlin.de\/blog\/wp-content\/uploads\/cp-d3-EBB-GasagPK23-046k-150x100.jpg 150w\" sizes=\"auto, (max-width: 920px) 100vw, 920px\" \/><p id=\"caption-attachment-11223\" class=\"wp-caption-text\"><em><span style=\"color: #0000ff;\">Trainer Serge Aubin w\u00e4hrend der Saisoner\u00f6ffnungs-Pressekonferenz. (Foto von Jan-Philipp Burmann \/ City-Press GmbH Bildagentur)<\/span><\/em><\/p><\/div>\n<p><span style=\"color: #000000;\">Auch Trainer Serge Aubin ist mit der Mannschaft absolut zufrieden, wie er heute sagte:<\/span><\/p>\n<blockquote><p><em><strong><span style=\"color: #ff0000;\">Wir haben eine gute Mannschaft. Wir haben eine sehr gute Tiefe im Kader. Das ist eine junge und schnelle Truppe, die St\u00e9phane Richer dort zusammengestellt hat. Die Vorbereitung war sehr gut. Es war keine einfache Vorbereitung. Aber die Flexibilit\u00e4t, die der Kader bietet, ist sehr gut mit Blick auf die lange Saison, sollte sich mal einer verletzen, was wir nat\u00fcrlich nicht hoffen.<\/span><\/strong><\/em><\/p><\/blockquote>\n<p><span style=\"color: #000000;\">Wenn der Trainer schon einmal vor Ort ist, dann muss er nat\u00fcrlich auch ein Statement zum Saisonstart gegen Ingolstadt abgeben. Dass es ein schweres Spiel wird, davon gehen sicherlich alle Fans aus. So auch Trainer Aubin:<\/span><\/p>\n<blockquote><p><em><strong><span style=\"color: #ff0000;\">Ich erwarte ein sehr schweres und hartes Spiel gegen Ingolstadt. Der ERC ist als Vizemeister, und das hat er in der CHL schon gezeigt, eine sehr gute Mannschaft. Aber f\u00fcr mich geht es darum, dass wir wieder Eisb\u00e4ren-Eishockey aufs Eis bringen. Es wird am Ende des Tages darauf ankommen, wie wir es umsetzen und wie gut die Einsatzbereitschaft ist. Ich freue mich sehr auf das erste Spiel, aber es ist nur Schritt eins einer langen Saison.<\/span><\/strong><\/em><\/p><\/blockquote>\n<div id=\"attachment_11224\" style=\"width: 930px\" class=\"wp-caption aligncenter\"><img loading=\"lazy\" decoding=\"async\" aria-describedby=\"caption-attachment-11224\" class=\"size-large wp-image-11224\" src=\"https:\/\/eisbaerlin.de\/blog\/wp-content\/uploads\/cp-d3-EBB-GasagPK23-038k-1024x682.jpg\" alt=\"\" width=\"920\" height=\"613\" srcset=\"https:\/\/eisbaerlin.de\/blog\/wp-content\/uploads\/cp-d3-EBB-GasagPK23-038k-1024x682.jpg 1024w, https:\/\/eisbaerlin.de\/blog\/wp-content\/uploads\/cp-d3-EBB-GasagPK23-038k-300x200.jpg 300w, https:\/\/eisbaerlin.de\/blog\/wp-content\/uploads\/cp-d3-EBB-GasagPK23-038k-768x512.jpg 768w, https:\/\/eisbaerlin.de\/blog\/wp-content\/uploads\/cp-d3-EBB-GasagPK23-038k-1536x1023.jpg 1536w, https:\/\/eisbaerlin.de\/blog\/wp-content\/uploads\/cp-d3-EBB-GasagPK23-038k-2048x1365.jpg 2048w, https:\/\/eisbaerlin.de\/blog\/wp-content\/uploads\/cp-d3-EBB-GasagPK23-038k-525x350.jpg 525w, https:\/\/eisbaerlin.de\/blog\/wp-content\/uploads\/cp-d3-EBB-GasagPK23-038k-150x100.jpg 150w\" sizes=\"auto, (max-width: 920px) 100vw, 920px\" \/><p id=\"caption-attachment-11224\" class=\"wp-caption-text\"><em><span style=\"color: #0000ff;\">Kapit\u00e4n Kai Wissmann w\u00e4hrend der Saisoner\u00f6ffnungs-Pressekonferenz. (Foto von Jan-Philipp Burmann \/ City-Press GmbH Bildagentur)<\/span><\/em><\/p><\/div>\n<p><span style=\"color: #000000;\">Einer, der wieder zur\u00fcck in Berlin ist, ist Verteidiger Kai Wissmann. Und die neue und alte Nummer sechs hat auch gleich viel Verantwortung \u00fcbertragen bekommen. Denn Wissmann ist der Nachfolger von Frank H\u00f6rdler als Kapit\u00e4n. Wie f\u00fchlt sich das an, Kai?<\/span><\/p>\n<blockquote><p><em><strong><span style=\"color: #ff0000;\">Es ist nat\u00fcrlich eine riesengro\u00dfe Ehre, bei einem so gro\u00dfen Verein wie den Eisb\u00e4ren das Vertrauen zu bekommen, Kapit\u00e4n zu sein. Ich werde mein Bestes geben, dass ich sowohl auf als auch neben dem Eis die Rolle so gut wie m\u00f6glich ausf\u00fcllen kann.<\/span><\/strong><\/em><\/p><\/blockquote>\n<p><span style=\"color: #000000;\">Auch Wissmann hat die Euphorie, welche in Berlin herrscht, mitbekommen:<\/span><\/p>\n<blockquote><p><span style=\"color: #000000;\"><em><span style=\"color: #ff0000;\"><strong>I<\/strong><\/span><strong><span style=\"color: #ff0000;\">ch freue mich wirklich sehr. Man hat schon im Vorbereitungsspiel hier gegen Prag gesehen, dass die Begeisterung auf die neue Saison gro\u00df ist. 10.000 Fans in einem Vorbereitungsspiel habe ich in den neun Jahren zuvor bei den Eisb\u00e4ren noch nie erlebt, das war unglaublich. Wir sind alle bereit f\u00fcr Freitag und freuen uns schon sehr.<\/span><\/strong><\/em><\/span><\/p><\/blockquote>\n<p><span style=\"color: #000000;\">Damit ist also alles angerichtet. Trainer und Sportdirektor sind zufrieden mit der neuen Mannschaft. Der Gesch\u00e4ftsf\u00fchrer und der Kapit\u00e4n sind voller Vorfreude. Die Fans sind es ebenso. Es wird also Zeit f\u00fcr den Startschuss der 30. DEL-Saison. Noch vier Tage bis zum ersten Eisb\u00e4ren-Heimspiel in der Jubil\u00e4umssaison.<\/span><\/p>\n","protected":false},"excerpt":{"rendered":"<p>Am heutigen Montag hatten die Eisb\u00e4ren Berlin wieder zur allj\u00e4hrlichen Saisoner\u00f6ffnungs-Pressekonferenz geladen. Diesmal fand diese in der Mercedes-Benz Arena statt. Dort, wo ab Freitag wieder der Puck \u00fcber die Eisfl\u00e4che flitzt, sa\u00dfen die Protagonisten der heutigen Pressekonferenz. Dabei f\u00fchlte man sich fast wie bei einem Heimspiel, denn bevor diese losging,&#8230; <a class=\"continue-reading-link\" href=\"https:\/\/eisbaerlin.de\/blog\/2023\/09\/11\/stephane-richer-wir-wollen-wieder-zu-den-top-teams-gehoeren\/\">Continue reading<\/a><\/p>\n","protected":false},"author":2,"featured_media":0,"comment_status":"closed","ping_status":"open","sticky":false,"template":"","format":"standard","meta":{"footnotes":""},"categories":[166,503,4,8,352,137,461,412,523,387,379,460],"tags":[],"class_list":["post-11218","post","type-post","status-publish","format-standard","hentry","category-aktuelles-aus-der-liga","category-city-press","category-del","category-ebb","category-eisbaeren-berlin","category-eisbaren-news","category-gasag","category-kai-wissmann","category-saisoneroeffnungs-pressekonferenz","category-serge-aubin","category-stephane-richer","category-thomas-bothstede"],"_links":{"self":[{"href":"https:\/\/eisbaerlin.de\/blog\/wp-json\/wp\/v2\/posts\/11218","targetHints":{"allow":["GET"]}}],"collection":[{"href":"https:\/\/eisbaerlin.de\/blog\/wp-json\/wp\/v2\/posts"}],"about":[{"href":"https:\/\/eisbaerlin.de\/blog\/wp-json\/wp\/v2\/types\/post"}],"author":[{"embeddable":true,"href":"https:\/\/eisbaerlin.de\/blog\/wp-json\/wp\/v2\/users\/2"}],"replies":[{"embeddable":true,"href":"https:\/\/eisbaerlin.de\/blog\/wp-json\/wp\/v2\/comments?post=11218"}],"version-history":[{"count":1,"href":"https:\/\/eisbaerlin.de\/blog\/wp-json\/wp\/v2\/posts\/11218\/revisions"}],"predecessor-version":[{"id":11229,"href":"https:\/\/eisbaerlin.de\/blog\/wp-json\/wp\/v2\/posts\/11218\/revisions\/11229"}],"wp:attachment":[{"href":"https:\/\/eisbaerlin.de\/blog\/wp-json\/wp\/v2\/media?parent=11218"}],"wp:term":[{"taxonomy":"category","embeddable":true,"href":"https:\/\/eisbaerlin.de\/blog\/wp-json\/wp\/v2\/categories?post=11218"},{"taxonomy":"post_tag","embeddable":true,"href":"https:\/\/eisbaerlin.de\/blog\/wp-json\/wp\/v2\/tags?post=11218"}],"curies":[{"name":"wp","href":"https:\/\/api.w.org\/{rel}","templated":true}]}}